{"id":1000,"date":"2024-06-17T22:35:00","date_gmt":"2024-06-18T01:35:00","guid":{"rendered":"https:\/\/elfaroonline.com.ar\/?p=1000"},"modified":"2024-06-17T22:35:00","modified_gmt":"2024-06-18T01:35:00","slug":"preocupacion-en-francia-mbappe-se-fracturo-la-nariz-en-el-debut","status":"publish","type":"post","link":"https:\/\/elfaroonline.com.ar\/index.php\/2024\/06\/17\/preocupacion-en-francia-mbappe-se-fracturo-la-nariz-en-el-debut\/","title":{"rendered":"Preocupaci\u00f3n en Francia: Mbapp\u00e9 se fractur\u00f3 la nariz en el debut"},"content":{"rendered":"<p>La estrella internacional no pudo terminar el compromiso ante Austria, luego del choque que padeci\u00f3 con Kevin Danso.<\/p>\n<p class=\"paragraph\" data-mrf-recirculation=\"Links inline\">Sin embargo, en el elenco <i>Le Bleu<\/i> se gener\u00f3 un manto de preocupaci\u00f3n por el estado f\u00edsico de sus dos principales figuras. El flamante refuerzo del <b>Real Madrid <\/b>debi\u00f3 ser reemplazado por <b>Olivier Giroud <\/b>luego de sufrir un duro choque contra el hombro de <b>Kevin Danso<\/b>. Fue en el complemento, cuando la estrella con pasado en el PSG y M\u00f3naco intent\u00f3 cabecear una pelota y su nariz se estrell\u00f3 contra la integridad de su rival.<\/p>\n<div class=\"inline ad-wrapper\">\n<div class=\"dfpAd ad-inline\"><\/div>\n<\/div>\n<p class=\"paragraph\" data-mrf-recirculation=\"Links inline\">Seg\u00fan la televisi\u00f3n francesa, <i>TF1<\/i> se tratar\u00eda de \u201cuna <b>fractura de tabique<\/b> <b>que pone en riesgo su participaci\u00f3n en lo que resta del campeonato continental\u201d<\/b>, aunque se le realizar\u00e1n estudios para determinar la gravedad de su lesi\u00f3n. \u201c<b>Su nariz no est\u00e1 nada bien, probablemente se la haya roto<\/b>\u201d, confirm\u00f3 el propio Deschamps en declaraciones brindadas a las transmisi\u00f3n oficial. Una de las hip\u00f3tesis que plante\u00f3 <i>L\u2019Equipe <\/i>es que su m\u00e1ximo referente sea operado de urgencia en un hospital de <b>Dusseldorf. <\/b><\/p>\n","protected":false},"excerpt":{"rendered":"<p>La estrella internacional no pudo terminar el compromiso ante Austria, luego del choque que padeci\u00f3 con Kevin Danso. Sin embargo, en el elenco Le Bleu se gener\u00f3 un manto de preocupaci\u00f3n por el estado f\u00edsico de sus dos principales figuras. El flamante refuerzo del Real Madrid debi\u00f3 ser reemplazado por Olivier Giroud luego de sufrir [&hellip;]<\/p>\n","protected":false},"author":2,"featured_media":1001,"comment_status":"open","ping_status":"open","sticky":false,"template":"","format":"standard","meta":{"footnotes":""},"categories":[25],"tags":[],"class_list":{"0":"post-1000","1":"post","2":"type-post","3":"status-publish","4":"format-standard","5":"has-post-thumbnail","7":"category-deportes"},"aioseo_notices":[],"_links":{"self":[{"href":"https:\/\/elfaroonline.com.ar\/index.php\/wp-json\/wp\/v2\/posts\/1000","targetHints":{"allow":["GET"]}}],"collection":[{"href":"https:\/\/elfaroonline.com.ar\/index.php\/wp-json\/wp\/v2\/posts"}],"about":[{"href":"https:\/\/elfaroonline.com.ar\/index.php\/wp-json\/wp\/v2\/types\/post"}],"author":[{"embeddable":true,"href":"https:\/\/elfaroonline.com.ar\/index.php\/wp-json\/wp\/v2\/users\/2"}],"replies":[{"embeddable":true,"href":"https:\/\/elfaroonline.com.ar\/index.php\/wp-json\/wp\/v2\/comments?post=1000"}],"version-history":[{"count":1,"href":"https:\/\/elfaroonline.com.ar\/index.php\/wp-json\/wp\/v2\/posts\/1000\/revisions"}],"predecessor-version":[{"id":1002,"href":"https:\/\/elfaroonline.com.ar\/index.php\/wp-json\/wp\/v2\/posts\/1000\/revisions\/1002"}],"wp:featuredmedia":[{"embeddable":true,"href":"https:\/\/elfaroonline.com.ar\/index.php\/wp-json\/wp\/v2\/media\/1001"}],"wp:attachment":[{"href":"https:\/\/elfaroonline.com.ar\/index.php\/wp-json\/wp\/v2\/media?parent=1000"}],"wp:term":[{"taxonomy":"category","embeddable":true,"href":"https:\/\/elfaroonline.com.ar\/index.php\/wp-json\/wp\/v2\/categories?post=1000"},{"taxonomy":"post_tag","embeddable":true,"href":"https:\/\/elfaroonline.com.ar\/index.php\/wp-json\/wp\/v2\/tags?post=1000"}],"curies":[{"name":"wp","href":"https:\/\/api.w.org\/{rel}","templated":true}]}}