{"id":1012,"date":"2024-06-18T18:41:04","date_gmt":"2024-06-18T21:41:04","guid":{"rendered":"https:\/\/elfaroonline.com.ar\/?p=1012"},"modified":"2024-06-18T18:41:04","modified_gmt":"2024-06-18T21:41:04","slug":"catamarca-adquiere-20-000-dosis-de-vacunas-contra-el-dengue","status":"publish","type":"post","link":"https:\/\/elfaroonline.com.ar\/index.php\/2024\/06\/18\/catamarca-adquiere-20-000-dosis-de-vacunas-contra-el-dengue\/","title":{"rendered":"Catamarca adquiere 20.000 dosis de vacunas contra el dengue"},"content":{"rendered":"<p class=\"v1MsoNormal\">En un esfuerzo significativo para combatir el dengue, el Gobierno de Catamarca confirm\u00f3 la adquisici\u00f3n de 20.000 dosis de vacunas. El gobernador Ra\u00fal Jalil realiz\u00f3 el anuncio tras una reuni\u00f3n con el ministro de Salud, Lucas Zampieri, el ministro de Gobierno, Justicia y Derechos Humanos, Fernando \u00c1vila, y la ministra de Econom\u00eda, Alejandra Nazareno.<\/p>\n<p class=\"v1MsoNormal\">El plan de vacunaci\u00f3n se llevar\u00e1 a cabo de manera escalonada, seg\u00fan las recomendaciones del Comit\u00e9 Nacional de Inmunizaciones (CONAIN) y el perfil epidemiol\u00f3gico de la provincia. Se priorizar\u00e1 inicialmente a las personas de 20 a 39 a\u00f1os y, posteriormente, se extender\u00e1 a aquellas hasta los 59 a\u00f1os, bas\u00e1ndose en la incidencia por grupos etarios y la mortalidad observada.<\/p>\n<p class=\"v1MsoNormal\">La meta es alcanzar la vacunaci\u00f3n del 90% de la poblaci\u00f3n objetivo de manera gradual, considerando la disponibilidad de recursos, la demanda y la priorizaci\u00f3n del riesgo.<\/p>\n<p class=\"v1MsoNormal\">La campa\u00f1a de vacunaci\u00f3n se ejecutar\u00e1 en dos etapas. En la primera fase, las dosis se destinar\u00e1n a personas esenciales, como el personal del Sistema Provincial de Salud de 20 a 59 a\u00f1os, y a ciudadanos de 20 a 39 a\u00f1os con cobertura p\u00fablica exclusiva que residen en departamentos con mayor incidencia acumulada.<\/p>\n<p class=\"v1MsoNormal\">La segunda fase abarca a personas de 40 a 49 a\u00f1os con cobertura p\u00fablica exclusiva en las mismas \u00e1reas de alta incidencia.<\/p>\n<p class=\"v1MsoNormal\">\n<p class=\"v1MsoNormal\">La adquisici\u00f3n y aplicaci\u00f3n de estas vacunas se enmarca en el compromiso del Gobierno Provincial de proteger a la poblaci\u00f3n contra brotes epidemiol\u00f3gicos y mejorar la salud p\u00fablica de Catamarca.<\/p>\n","protected":false},"excerpt":{"rendered":"<p>En un esfuerzo significativo para combatir el dengue, el Gobierno de Catamarca confirm\u00f3 la adquisici\u00f3n de 20.000 dosis de vacunas. El gobernador Ra\u00fal Jalil realiz\u00f3 el anuncio tras una reuni\u00f3n con el ministro de Salud, Lucas Zampieri, el ministro de Gobierno, Justicia y Derechos Humanos, Fernando \u00c1vila, y la ministra de Econom\u00eda, Alejandra Nazareno. El [&hellip;]<\/p>\n","protected":false},"author":2,"featured_media":1013,"comment_status":"open","ping_status":"open","sticky":false,"template":"","format":"standard","meta":{"footnotes":""},"categories":[23,20],"tags":[],"class_list":{"0":"post-1012","1":"post","2":"type-post","3":"status-publish","4":"format-standard","5":"has-post-thumbnail","7":"category-destacados","8":"category-sociedad"},"aioseo_notices":[],"_links":{"self":[{"href":"https:\/\/elfaroonline.com.ar\/index.php\/wp-json\/wp\/v2\/posts\/1012","targetHints":{"allow":["GET"]}}],"collection":[{"href":"https:\/\/elfaroonline.com.ar\/index.php\/wp-json\/wp\/v2\/posts"}],"about":[{"href":"https:\/\/elfaroonline.com.ar\/index.php\/wp-json\/wp\/v2\/types\/post"}],"author":[{"embeddable":true,"href":"https:\/\/elfaroonline.com.ar\/index.php\/wp-json\/wp\/v2\/users\/2"}],"replies":[{"embeddable":true,"href":"https:\/\/elfaroonline.com.ar\/index.php\/wp-json\/wp\/v2\/comments?post=1012"}],"version-history":[{"count":1,"href":"https:\/\/elfaroonline.com.ar\/index.php\/wp-json\/wp\/v2\/posts\/1012\/revisions"}],"predecessor-version":[{"id":1014,"href":"https:\/\/elfaroonline.com.ar\/index.php\/wp-json\/wp\/v2\/posts\/1012\/revisions\/1014"}],"wp:featuredmedia":[{"embeddable":true,"href":"https:\/\/elfaroonline.com.ar\/index.php\/wp-json\/wp\/v2\/media\/1013"}],"wp:attachment":[{"href":"https:\/\/elfaroonline.com.ar\/index.php\/wp-json\/wp\/v2\/media?parent=1012"}],"wp:term":[{"taxonomy":"category","embeddable":true,"href":"https:\/\/elfaroonline.com.ar\/index.php\/wp-json\/wp\/v2\/categories?post=1012"},{"taxonomy":"post_tag","embeddable":true,"href":"https:\/\/elfaroonline.com.ar\/index.php\/wp-json\/wp\/v2\/tags?post=1012"}],"curies":[{"name":"wp","href":"https:\/\/api.w.org\/{rel}","templated":true}]}}