{"id":1015,"date":"2024-06-18T18:44:27","date_gmt":"2024-06-18T21:44:27","guid":{"rendered":"https:\/\/elfaroonline.com.ar\/?p=1015"},"modified":"2024-06-18T18:44:27","modified_gmt":"2024-06-18T21:44:27","slug":"raul-jalil-confirmo-incremento-para-los-contratos-de-locacion-de-obra-y-en-la-escala-de-viaticos","status":"publish","type":"post","link":"https:\/\/elfaroonline.com.ar\/index.php\/2024\/06\/18\/raul-jalil-confirmo-incremento-para-los-contratos-de-locacion-de-obra-y-en-la-escala-de-viaticos\/","title":{"rendered":"Ra\u00fal Jalil confirm\u00f3 incremento para los contratos de locaci\u00f3n de obra y en la escala de vi\u00e1ticos"},"content":{"rendered":"<p class=\"v1MsoNormal\">El gobernador Ra\u00fal Jalil mantuvo una reuni\u00f3n con el equipo econ\u00f3mico, encabezado por la ministra de Econom\u00eda, Alejandra Nazareno, donde se confirm\u00f3 el incremento para los contratos de locaci\u00f3n de obra y en la escala de vi\u00e1ticos. Tambi\u00e9n estuvo presente el ministro de Gobierno, Justicia y Derechos Humanos, Fernando \u00c1vila.<\/p>\n<p class=\"v1MsoNormal\">En este marco, a partir del mes de junio, los contratos de locaci\u00f3n de obra que son financiados por el Estado provincial, pasar\u00e1n a percibir salarios de $500.000, $600.000 y $700.000 seg\u00fan el tipo de servicio que prestan al Estado.<\/p>\n<p class=\"v1MsoNormal\">Por otra parte, mediante la RESOL-2024-404-E-CAT-MEC, el Ministerio de Econom\u00eda procedi\u00f3 a actualizar la escala de vi\u00e1ticos para Comisi\u00f3n de Servicios dentro y fuera de la provincia, fijando a partir del pasado viernes 14 de junio los nuevos valores. De tal manera, el importe por d\u00eda fijado para vi\u00e1ticos dentro de la provincia se eleva a $30.000 tanto para autoridades del Poder Ejecutivo como para el Personal Escalafonado y de Convenios Colectivos de Trabajo (CCT).<\/p>\n<p class=\"v1MsoNormal\">Para vi\u00e1ticos que se abonan por actividades fuera de la provincia, la nueva escala fija un importe de $30.000 para autoridades y de $60.000 para el personal escalafonado de la Administraci\u00f3n P\u00fablica y el comprendido en CCT.<\/p>\n","protected":false},"excerpt":{"rendered":"<p>El gobernador Ra\u00fal Jalil mantuvo una reuni\u00f3n con el equipo econ\u00f3mico, encabezado por la ministra de Econom\u00eda, Alejandra Nazareno, donde se confirm\u00f3 el incremento para los contratos de locaci\u00f3n de obra y en la escala de vi\u00e1ticos. Tambi\u00e9n estuvo presente el ministro de Gobierno, Justicia y Derechos Humanos, Fernando \u00c1vila. En este marco, a partir [&hellip;]<\/p>\n","protected":false},"author":2,"featured_media":1016,"comment_status":"open","ping_status":"open","sticky":false,"template":"","format":"standard","meta":{"footnotes":""},"categories":[23,21],"tags":[],"class_list":{"0":"post-1015","1":"post","2":"type-post","3":"status-publish","4":"format-standard","5":"has-post-thumbnail","7":"category-destacados","8":"category-politica"},"aioseo_notices":[],"_links":{"self":[{"href":"https:\/\/elfaroonline.com.ar\/index.php\/wp-json\/wp\/v2\/posts\/1015","targetHints":{"allow":["GET"]}}],"collection":[{"href":"https:\/\/elfaroonline.com.ar\/index.php\/wp-json\/wp\/v2\/posts"}],"about":[{"href":"https:\/\/elfaroonline.com.ar\/index.php\/wp-json\/wp\/v2\/types\/post"}],"author":[{"embeddable":true,"href":"https:\/\/elfaroonline.com.ar\/index.php\/wp-json\/wp\/v2\/users\/2"}],"replies":[{"embeddable":true,"href":"https:\/\/elfaroonline.com.ar\/index.php\/wp-json\/wp\/v2\/comments?post=1015"}],"version-history":[{"count":1,"href":"https:\/\/elfaroonline.com.ar\/index.php\/wp-json\/wp\/v2\/posts\/1015\/revisions"}],"predecessor-version":[{"id":1017,"href":"https:\/\/elfaroonline.com.ar\/index.php\/wp-json\/wp\/v2\/posts\/1015\/revisions\/1017"}],"wp:featuredmedia":[{"embeddable":true,"href":"https:\/\/elfaroonline.com.ar\/index.php\/wp-json\/wp\/v2\/media\/1016"}],"wp:attachment":[{"href":"https:\/\/elfaroonline.com.ar\/index.php\/wp-json\/wp\/v2\/media?parent=1015"}],"wp:term":[{"taxonomy":"category","embeddable":true,"href":"https:\/\/elfaroonline.com.ar\/index.php\/wp-json\/wp\/v2\/categories?post=1015"},{"taxonomy":"post_tag","embeddable":true,"href":"https:\/\/elfaroonline.com.ar\/index.php\/wp-json\/wp\/v2\/tags?post=1015"}],"curies":[{"name":"wp","href":"https:\/\/api.w.org\/{rel}","templated":true}]}}