{"id":1019,"date":"2024-06-18T18:48:51","date_gmt":"2024-06-18T21:48:51","guid":{"rendered":"https:\/\/elfaroonline.com.ar\/?p=1019"},"modified":"2024-06-18T18:48:51","modified_gmt":"2024-06-18T21:48:51","slug":"todo-lo-que-tendra-el-patio-de-las-provincias-uno-de-los-espacios-mas-esperados-del-poncho-2024","status":"publish","type":"post","link":"https:\/\/elfaroonline.com.ar\/index.php\/2024\/06\/18\/todo-lo-que-tendra-el-patio-de-las-provincias-uno-de-los-espacios-mas-esperados-del-poncho-2024\/","title":{"rendered":"Todo lo que tendr\u00e1 el Patio de las Provincias, uno de los espacios m\u00e1s esperados del Poncho 2024"},"content":{"rendered":"<p class=\"v1MsoNormal\">Por tercer a\u00f1o consecutivo el Patio de las Provincias ser\u00e1 uno de los espacios m\u00e1s federales y esperados de la edici\u00f3n 53\u00ba de la Fiesta Nacional e Internacional del Poncho.\u00a0 Con un notable crecimiento a trav\u00e9s de cada una de sus ediciones, este a\u00f1o ofrecer\u00e1 una cartelera art\u00edstica de gran nivel, dando lugar a artistas de todos los g\u00e9neros y brindando la oportunidad a los visitantes de disfrutar de espect\u00e1culos totalmente gratuitos en el marco de la fiesta mayor de los catamarque\u00f1os.<\/p>\n<p class=\"v1MsoNormal\">Los artistas nacionales invitados al escenario del Patio son N\u00e9stor Garnica, Paquito Oca\u00f1a, El Super Huguito, Los Kijanos, Canto 4, La Barra, Franco Barrionuevo, Jean Carlos y Bersuit Vergarat, que se suman a una nutrida programaci\u00f3n con artistas de la m\u00fasica y la danza catamarque\u00f1a.<\/p>\n<p class=\"v1MsoNormal\">&#8220;Es un espacio que sin lugar a dudas lleg\u00f3 para quedarse. Este a\u00f1o se llevaron a cabo una serie de mejoras en el sector, invirtiendo en obras a trav\u00e9s del Ministerio de Infraestructura y Obras Civiles para mejorar la experiencia de la gente&#8221;, destac\u00f3 la ministra de Cultura, Turismo y deporte, Daiana Rold\u00e1n sobre este escenario que ya se gan\u00f3 la aceptaci\u00f3n de todos los espectadores.<\/p>\n<p class=\"v1MsoNormal\">Por su parte, Fernando Boneu, director de Intendencia del Predio Ferial, encargado de las obras de puesta a punto del predio coment\u00f3: &#8220;Se realiz\u00f3 un hermoso trabajo de caminer\u00edas para permitir una mejor accesibilidad para personas con capacidades motrices diferentes, tambi\u00e9n para m\u00e1s comodidad del espacio se cre\u00f3 un sector con mesas y bancos para hacer m\u00e1s c\u00f3moda la estad\u00eda de las familias&#8221;.<\/p>\n<p class=\"v1MsoNormal\">Respetando su esp\u00edritu federal, se cursaron invitaciones a las distintas provincias y ciudades tur\u00edsticas para que formen parte, con sus propuestas de promoci\u00f3n, de la fiesta. Las provincias y municipios confirmados este a\u00f1o en el Patio de las Provincias son La Rioja, Salta, Tucum\u00e1n, Jujuy, Santiago del Estero, Neuqu\u00e9n, Misiones, Ciudad de Buenos Aires, Provincia de Buenos Aires, Villa Carlos Paz y Termas de R\u00edo Hondo. All\u00ed, en el sector de domos, el p\u00fablico podr\u00e1 viajar imaginariamente a trav\u00e9s de actividades, juegos, y experiencias que buscan promover el turismo y fortalecer la colaboraci\u00f3n entre regiones.<\/p>\n<p class=\"v1MsoNormal\">La diversidad en lo cultural no solo se desplegar\u00e1 en el escenario sino tambi\u00e9n en el sector de colectividades, donde este a\u00f1o estar\u00e1n presentes Bolivia, Alemania, Per\u00fa, Brasil, Jap\u00f3n, Espa\u00f1a, Siria, Egipto, Italia, Colombia, Rep\u00fablica Dominicana y Venezuela, compartiendo su m\u00fasica, su cultura y su gastronom\u00eda.<\/p>\n<p class=\"v1MsoNormal\">El escenario del Patio acompa\u00f1ar\u00e1 por nueve tardes la Fiesta del Poncho, desde el s\u00e1bado 13 al domingo 21, siempre a partir de las 14 hs, con diferentes propuestas art\u00edsticas de primer nivel, donde la diversidad de g\u00e9neros musicales se har\u00e1 presente tarde a tarde, de forma gratuita, para todas las familias catamarque\u00f1as y quienes visiten la Fiesta del Poncho en el mes de julio.<\/p>\n<p class=\"v1MsoNormal\"><b>PROGRAMACI\u00d3N ESCENARIO PATIO DE LAS PROVINCIAS<\/b><\/p>\n<p class=\"v1MsoNormal\"><b>S\u00c1BADO 13<\/b><\/p>\n<p class=\"v1MsoNormal\">Taller de Danza A\u00f1oranza Pacl\u00edn<\/p>\n<p class=\"v1MsoNormal\">Gold Stars<\/p>\n<p class=\"v1MsoNormal\">Balad\u00ed<\/p>\n<p class=\"v1MsoNormal\">Yaz Vega<\/p>\n<p class=\"v1MsoNormal\">Music Boulevard<\/p>\n<p class=\"v1MsoNormal\">Sendero<\/p>\n<p class=\"v1MsoNormal\">Fran Santill\u00e1n<\/p>\n<p class=\"v1MsoNormal\">Delegaci\u00f3n Pacl\u00edn<\/p>\n<p class=\"v1MsoNormal\">\u00c1ngel &#8220;Ficha&#8221; Acosta<\/p>\n<p class=\"v1MsoNormal\">Mingo Aguirre<\/p>\n<p class=\"v1MsoNormal\">N\u00e9stor Garnica<\/p>\n<p class=\"v1MsoNormal\">Grupo Zonda<\/p>\n<p class=\"v1MsoNormal\"><b>DOMINGO 14<\/b><\/p>\n<p class=\"v1MsoNormal\">Academia Inclusi\u00f3n Folkl\u00f3rica Luis &#8220;F&#8221; Baz\u00e1n<\/p>\n<p class=\"v1MsoNormal\">Carolina Ibarra<\/p>\n<p class=\"v1MsoNormal\">La Banda de Ren\u00e9<\/p>\n<p class=\"v1MsoNormal\">Delegaci\u00f3n Santa Mar\u00eda<\/p>\n<p class=\"v1MsoNormal\">Guadalupe Carrizo<\/p>\n<p class=\"v1MsoNormal\">Cantera Suburbana<\/p>\n<p class=\"v1MsoNormal\">Milba<\/p>\n<p class=\"v1MsoNormal\">Ballet Folkl\u00f3rico Santa Marta<\/p>\n<p class=\"v1MsoNormal\">D\u00fao Hansen &#8211; Segura<\/p>\n<p class=\"v1MsoNormal\">Paquito Oca\u00f1o<\/p>\n<p class=\"v1MsoNormal\">Rodrigo Mart\u00ednez y Los Potros<\/p>\n<p class=\"v1MsoNormal\"><b><br \/>\nLUNES 15<\/b><\/p>\n<p class=\"v1MsoNormal\">Fraternidad Caporales San Sim\u00f3n Oruro Filial Catamarca<\/p>\n<p class=\"v1MsoNormal\">La Furia Musical<\/p>\n<p class=\"v1MsoNormal\">Franco Ocaranza<\/p>\n<p class=\"v1MsoNormal\">Flor Reinoso<\/p>\n<p class=\"v1MsoNormal\">Delegaci\u00f3n Santa Rosa<\/p>\n<p class=\"v1MsoNormal\">Facu Pacheco<\/p>\n<p class=\"v1MsoNormal\">Ballet Alma de Horizonte<\/p>\n<p class=\"v1MsoNormal\">Lisandro Delgado<\/p>\n<p class=\"v1MsoNormal\">Alejandra S\u00e1nchez<\/p>\n<p class=\"v1MsoNormal\">El Super de Huguito<\/p>\n<p class=\"v1MsoNormal\">\n<p class=\"v1MsoNormal\"><b>MARTES 16<\/b><\/p>\n<p class=\"v1MsoNormal\">Ballet Mushuq Yatray<\/p>\n<p class=\"v1MsoNormal\">Rejunte Chamamecero<\/p>\n<p class=\"v1MsoNormal\">GiraFunk<\/p>\n<p class=\"v1MsoNormal\">Disturbio<\/p>\n<p class=\"v1MsoNormal\">Delegaci\u00f3n Fray Mamerto Esqui\u00fa<\/p>\n<p class=\"v1MsoNormal\">Brujas del Valle<\/p>\n<p class=\"v1MsoNormal\">Los Aguirre Folk<\/p>\n<p class=\"v1MsoNormal\">Peke Bonardi<\/p>\n<p class=\"v1MsoNormal\">Lordowar<\/p>\n<p class=\"v1MsoNormal\">Laura Coronel<\/p>\n<p class=\"v1MsoNormal\">Los Kijanos<\/p>\n<p class=\"v1MsoNormal\"><b>MI\u00c9RCOLES 17<\/b><\/p>\n<p class=\"v1MsoNormal\">\n<p class=\"v1MsoNormal\">Ballet Mishquila Pacha<\/p>\n<p class=\"v1MsoNormal\">Do\u00f1a In\u00e9s<\/p>\n<p class=\"v1MsoNormal\">Delegaci\u00f3n Bel\u00e9n 1<\/p>\n<p class=\"v1MsoNormal\">Load<\/p>\n<p class=\"v1MsoNormal\">Dalma Robles<\/p>\n<p class=\"v1MsoNormal\">Florencia Tula<\/p>\n<p class=\"v1MsoNormal\">Delegaci\u00f3n Capay\u00e1n<\/p>\n<p class=\"v1MsoNormal\">La Mambo<\/p>\n<p class=\"v1MsoNormal\">Rocky Costa<\/p>\n<p class=\"v1MsoNormal\">Banda Vamos<\/p>\n<p class=\"v1MsoNormal\">Canto 4<\/p>\n<p class=\"v1MsoNormal\">\n<b>JUEVES 18<\/b><\/p>\n<p class=\"v1MsoNormal\">\n<p class=\"v1MsoNormal\">Ballet Folkl\u00f3rico de Extensi\u00f3n Universitaria<\/p>\n<p class=\"v1MsoNormal\">Los del Momento<\/p>\n<p class=\"v1MsoNormal\">Nara Palacios<\/p>\n<p class=\"v1MsoNormal\">Delegaci\u00f3n Pom\u00e1n<\/p>\n<p class=\"v1MsoNormal\">Natalia Brizuela C\u00e9sar<\/p>\n<p class=\"v1MsoNormal\">La Vor\u00e1gine Rock<\/p>\n<p class=\"v1MsoNormal\">D\u00fao Yanasu<\/p>\n<p class=\"v1MsoNormal\">Sapitos For Ever<\/p>\n<p class=\"v1MsoNormal\">Delegaci\u00f3n Valle Viejo<\/p>\n<p class=\"v1MsoNormal\">La Barra<\/p>\n<p class=\"v1MsoNormal\">\n<p class=\"v1MsoNormal\"><b>VIERNES 19<\/b><\/p>\n<p class=\"v1MsoNormal\">Patio Criollo &#8211; Fiestas Patronales de mi Pueblo<\/p>\n<p class=\"v1MsoNormal\">De Puro Guapo<\/p>\n<p class=\"v1MsoNormal\">Delegaci\u00f3n Ambato<\/p>\n<p class=\"v1MsoNormal\">Shirleys Band<\/p>\n<p class=\"v1MsoNormal\">Fuerza Argentina<\/p>\n<p class=\"v1MsoNormal\">Sapikuna<\/p>\n<p class=\"v1MsoNormal\">Mauricio Cabrera<\/p>\n<p class=\"v1MsoNormal\">Rochi Orellana<\/p>\n<p class=\"v1MsoNormal\">Franco Barrionuevo<\/p>\n<p class=\"v1MsoNormal\">Banda Enganchados<\/p>\n<p class=\"v1MsoNormal\">\n<p class=\"v1MsoNormal\"><b>S\u00c1BADO 20<\/b><\/p>\n<p class=\"v1MsoNormal\">Cautivos Ballet<\/p>\n<p class=\"v1MsoNormal\">Jomaray<\/p>\n<p class=\"v1MsoNormal\">Insania<\/p>\n<p class=\"v1MsoNormal\">Al Pasito<\/p>\n<p class=\"v1MsoNormal\">Delegaci\u00f3n El Alto<\/p>\n<p class=\"v1MsoNormal\">Roxana Castro<\/p>\n<p class=\"v1MsoNormal\">Adriana Figueroa<\/p>\n<p class=\"v1MsoNormal\">Alberto Haron<\/p>\n<p class=\"v1MsoNormal\">Calibre Rock<\/p>\n<p class=\"v1MsoNormal\">Fede Pacheco<\/p>\n<p class=\"v1MsoNormal\">Jean Carlos<\/p>\n<p class=\"v1MsoNormal\">\n<p class=\"v1MsoNormal\"><b>DOMINGO 21<\/b><\/p>\n<p class=\"v1MsoNormal\">Big Boss Crew<\/p>\n<p class=\"v1MsoNormal\">Folk4<\/p>\n<p class=\"v1MsoNormal\">Delegaci\u00f3n Ancasti<\/p>\n<p class=\"v1MsoNormal\">Deby Gianoglio<\/p>\n<p class=\"v1MsoNormal\">Rafa Toledo<\/p>\n<p class=\"v1MsoNormal\">El Algarrobal<\/p>\n<p class=\"v1MsoNormal\">Magui Leiva<\/p>\n<p class=\"v1MsoNormal\">Ballet Mario Rodr\u00edguez<\/p>\n<p class=\"v1MsoNormal\">La Maza<\/p>\n<div>\n<p class=\"v1MsoNormal\">Bersuit Vergarabat<\/p>\n<\/div>\n","protected":false},"excerpt":{"rendered":"<p>Por tercer a\u00f1o consecutivo el Patio de las Provincias ser\u00e1 uno de los espacios m\u00e1s federales y esperados de la edici\u00f3n 53\u00ba de la Fiesta Nacional e Internacional del Poncho.\u00a0 Con un notable crecimiento a trav\u00e9s de cada una de sus ediciones, este a\u00f1o ofrecer\u00e1 una cartelera art\u00edstica de gran nivel, dando lugar a artistas [&hellip;]<\/p>\n","protected":false},"author":2,"featured_media":1020,"comment_status":"open","ping_status":"open","sticky":false,"template":"","format":"standard","meta":{"footnotes":""},"categories":[20],"tags":[],"class_list":{"0":"post-1019","1":"post","2":"type-post","3":"status-publish","4":"format-standard","5":"has-post-thumbnail","7":"category-sociedad"},"aioseo_notices":[],"_links":{"self":[{"href":"https:\/\/elfaroonline.com.ar\/index.php\/wp-json\/wp\/v2\/posts\/1019","targetHints":{"allow":["GET"]}}],"collection":[{"href":"https:\/\/elfaroonline.com.ar\/index.php\/wp-json\/wp\/v2\/posts"}],"about":[{"href":"https:\/\/elfaroonline.com.ar\/index.php\/wp-json\/wp\/v2\/types\/post"}],"author":[{"embeddable":true,"href":"https:\/\/elfaroonline.com.ar\/index.php\/wp-json\/wp\/v2\/users\/2"}],"replies":[{"embeddable":true,"href":"https:\/\/elfaroonline.com.ar\/index.php\/wp-json\/wp\/v2\/comments?post=1019"}],"version-history":[{"count":1,"href":"https:\/\/elfaroonline.com.ar\/index.php\/wp-json\/wp\/v2\/posts\/1019\/revisions"}],"predecessor-version":[{"id":1021,"href":"https:\/\/elfaroonline.com.ar\/index.php\/wp-json\/wp\/v2\/posts\/1019\/revisions\/1021"}],"wp:featuredmedia":[{"embeddable":true,"href":"https:\/\/elfaroonline.com.ar\/index.php\/wp-json\/wp\/v2\/media\/1020"}],"wp:attachment":[{"href":"https:\/\/elfaroonline.com.ar\/index.php\/wp-json\/wp\/v2\/media?parent=1019"}],"wp:term":[{"taxonomy":"category","embeddable":true,"href":"https:\/\/elfaroonline.com.ar\/index.php\/wp-json\/wp\/v2\/categories?post=1019"},{"taxonomy":"post_tag","embeddable":true,"href":"https:\/\/elfaroonline.com.ar\/index.php\/wp-json\/wp\/v2\/tags?post=1019"}],"curies":[{"name":"wp","href":"https:\/\/api.w.org\/{rel}","templated":true}]}}