{"id":1022,"date":"2024-06-18T18:54:49","date_gmt":"2024-06-18T21:54:49","guid":{"rendered":"https:\/\/elfaroonline.com.ar\/?p=1022"},"modified":"2024-06-18T18:54:49","modified_gmt":"2024-06-18T21:54:49","slug":"la-industria-tuvo-una-caida-de-142-en-abril-y-se-perdieron-mas-de-15-mil-empleos-desde-agosto","status":"publish","type":"post","link":"https:\/\/elfaroonline.com.ar\/index.php\/2024\/06\/18\/la-industria-tuvo-una-caida-de-142-en-abril-y-se-perdieron-mas-de-15-mil-empleos-desde-agosto\/","title":{"rendered":"La industria tuvo una ca\u00edda de 14,2% en abril y se perdieron m\u00e1s de 15 mil empleos desde agosto"},"content":{"rendered":"<p>La actividad de la <b>industria<\/b> volvi\u00f3 a tener una fuerte ca\u00edda en la medici\u00f3n anual aunque registr\u00f3 un <b>repunte mensual<\/b>, lo que indicar\u00eda que el sector fabril ya <b>habr\u00eda tocado su piso<\/b> y que en los pr\u00f3ximos meses podr\u00eda iniciar una recuperaci\u00f3n. As\u00ed se desprende de los n\u00fameros publicados este martes en un informe de la Uni\u00f3n Industrial Argentina (UIA), que adem\u00e1s pidi\u00f3 que la recuperaci\u00f3n no provenga solo de mayores importaciones sino de un incremento en la producci\u00f3n local. Desde agosto el sector <b>perdi\u00f3 m\u00e1s de 15 mil<\/b> puestos de trabajo asalariados.<\/p>\n<p>En ese reporte, la entidad que preside <b>Daniel Funes de Rioja <\/b>midi\u00f3 que el desplome anual fue de<b> 14,2 por ciento<\/b>. En t\u00e9rminos acumulados, los primeros cuatro meses del a\u00f1o arrojaron como balance un derrumbe de <b>12,4 por ciento<\/b>. Seg\u00fan la UIA, los buenos datos de abril \u201cse explican por la mayor cantidad de d\u00edas h\u00e1biles y la normalizaci\u00f3n de cuestiones puntuales que hab\u00edan atravesado algunos sectores en marzo\u201d.<\/p>\n<p>\u201cIgualmente, se trat\u00f3 del <b>onceavo mes de ca\u00edda interanual consecutiva<\/b>. Los datos de mayo reflejan que persiste la ca\u00edda interanual\u201d, anticip\u00f3 la principal entidad fabril argentina. \u201cEn la serie mensual podr\u00eda observarse un amesetamiento o leve ca\u00edda. Los datos del mes estuvieron afectados por las dificultades en el comercio con Brasil por las inundaciones en el sur de ese pa\u00eds\u201d, plante\u00f3 la UIA.<\/p>\n<p>Analizado por sectores, hubo bajas pronunciadas en el Automotor (<b>-27,9%<\/b>), en Despachos de Cemento (<b>-27,1%)<\/b> y en los patentamientos de maquinaria agr\u00edcola (<b>-22,9%<\/b>), todos en t\u00e9rminos interanuales. La demanda de energ\u00eda el\u00e9ctrica de Grandes Usuarios Industriales volvi\u00f3 a caer significativamente (<b>-11,3%<\/b>) mientras que el intercambio comercial con Brasil registr\u00f3 una ca\u00edda en las importaciones <b>(42,8%<\/b>), y las exportaciones (-<b>3,9 por ciento<\/b>).<\/p>\n","protected":false},"excerpt":{"rendered":"<p>La actividad de la industria volvi\u00f3 a tener una fuerte ca\u00edda en la medici\u00f3n anual aunque registr\u00f3 un repunte mensual, lo que indicar\u00eda que el sector fabril ya habr\u00eda tocado su piso y que en los pr\u00f3ximos meses podr\u00eda iniciar una recuperaci\u00f3n. As\u00ed se desprende de los n\u00fameros publicados este martes en un informe de [&hellip;]<\/p>\n","protected":false},"author":2,"featured_media":1023,"comment_status":"open","ping_status":"open","sticky":false,"template":"","format":"standard","meta":{"footnotes":""},"categories":[22],"tags":[],"class_list":{"0":"post-1022","1":"post","2":"type-post","3":"status-publish","4":"format-standard","5":"has-post-thumbnail","7":"category-nacionales"},"aioseo_notices":[],"_links":{"self":[{"href":"https:\/\/elfaroonline.com.ar\/index.php\/wp-json\/wp\/v2\/posts\/1022","targetHints":{"allow":["GET"]}}],"collection":[{"href":"https:\/\/elfaroonline.com.ar\/index.php\/wp-json\/wp\/v2\/posts"}],"about":[{"href":"https:\/\/elfaroonline.com.ar\/index.php\/wp-json\/wp\/v2\/types\/post"}],"author":[{"embeddable":true,"href":"https:\/\/elfaroonline.com.ar\/index.php\/wp-json\/wp\/v2\/users\/2"}],"replies":[{"embeddable":true,"href":"https:\/\/elfaroonline.com.ar\/index.php\/wp-json\/wp\/v2\/comments?post=1022"}],"version-history":[{"count":1,"href":"https:\/\/elfaroonline.com.ar\/index.php\/wp-json\/wp\/v2\/posts\/1022\/revisions"}],"predecessor-version":[{"id":1024,"href":"https:\/\/elfaroonline.com.ar\/index.php\/wp-json\/wp\/v2\/posts\/1022\/revisions\/1024"}],"wp:featuredmedia":[{"embeddable":true,"href":"https:\/\/elfaroonline.com.ar\/index.php\/wp-json\/wp\/v2\/media\/1023"}],"wp:attachment":[{"href":"https:\/\/elfaroonline.com.ar\/index.php\/wp-json\/wp\/v2\/media?parent=1022"}],"wp:term":[{"taxonomy":"category","embeddable":true,"href":"https:\/\/elfaroonline.com.ar\/index.php\/wp-json\/wp\/v2\/categories?post=1022"},{"taxonomy":"post_tag","embeddable":true,"href":"https:\/\/elfaroonline.com.ar\/index.php\/wp-json\/wp\/v2\/tags?post=1022"}],"curies":[{"name":"wp","href":"https:\/\/api.w.org\/{rel}","templated":true}]}}