{"id":1111,"date":"2024-06-25T21:49:37","date_gmt":"2024-06-26T00:49:37","guid":{"rendered":"https:\/\/elfaroonline.com.ar\/?p=1111"},"modified":"2024-06-26T00:38:32","modified_gmt":"2024-06-26T03:38:32","slug":"polemica-continua-el-encubrimiento-de-los-ilicitos-en-el-ministerio-de-seguridad-de-la-provincia-de-tucuman","status":"publish","type":"post","link":"https:\/\/elfaroonline.com.ar\/index.php\/2024\/06\/25\/polemica-continua-el-encubrimiento-de-los-ilicitos-en-el-ministerio-de-seguridad-de-la-provincia-de-tucuman\/","title":{"rendered":"Pol\u00e9mica: contin\u00faa el encubrimiento de los il\u00edcitos en el Ministerio de Seguridad de la provincia de Tucum\u00e1n"},"content":{"rendered":"<p class=\"p1\"><span class=\"s1\">Mientras la ministra de seguridad de la naci\u00f3n se\u00f1ora Patricia Bullrich ech\u00f3 a su secretario por intervenir en una licitaci\u00f3n, el ministro de seguridad Eugenio Ag\u00fcero Gamboa de la Provincia de Tucum\u00e1n a\u00fan contin\u00faa en el cargo, el cual cuenta con una denuncia por lavado de activos y asociaci\u00f3n il\u00edcita en el tribunal Federal.<br \/>\nY a pesar de haber tomado estado p\u00fablico su accionar m\u00e1s que claro, en el direccionamiento que lleva a cabo en la licitaci\u00f3n N\u00b073-213 D-2024 de los 4500 chalecos antibalas RB3 para la polic\u00eda de dicha provincia. Por lo cual, el gobierno tucumano pagar\u00e1 casi USD 1.000.000 m\u00e1s. <\/span><\/p>\n<p class=\"p1\"><span class=\"s1\">Otro procedimiento anormal se concreto la semana pasada que va desde el d\u00eda 17 al 21 del corriente mes. El mismo hecho se trata de que por disposici\u00f3n del ministro Gamboa le fueron entregados a la polic\u00eda provincial 1500 chalecos de la empresa Delta.<br \/>\nLa misma entrega, llam\u00f3 la atenci\u00f3n ya que no se confeccion\u00f3 la documentaci\u00f3n correspondiente, como ser los comprobantes de entrega y recepci\u00f3n sin estar a\u00fan firme la adjudicaci\u00f3n de la licitaci\u00f3n a la empresa Delta ya hay una impugnaci\u00f3n en curso que realizo le empresa Industrias Seatle S.A.<\/span><\/p>\n<p><strong>Pol\u00e9mica compra de chalecos blindados con sobreprecio\u00a0<\/strong><\/p>\n<p><img loading=\"lazy\" decoding=\"async\" class=\"alignnone size-full wp-image-1113\" src=\"https:\/\/elfaroonline.com.ar\/wp-content\/uploads\/2024\/06\/IMG_9464.webp\" alt=\"\" width=\"532\" height=\"360\" srcset=\"https:\/\/elfaroonline.com.ar\/wp-content\/uploads\/2024\/06\/IMG_9464.webp 532w, https:\/\/elfaroonline.com.ar\/wp-content\/uploads\/2024\/06\/IMG_9464-150x102.webp 150w, https:\/\/elfaroonline.com.ar\/wp-content\/uploads\/2024\/06\/IMG_9464-300x203.webp 300w\" sizes=\"auto, (max-width: 532px) 100vw, 532px\" \/>Cabe mencionar que el ministro Ag\u00fcero Gamboa fue denunciado por enriquecimiento il\u00edcito, asociaci\u00f3n il\u00edcita y lavado de activos.<\/p>\n<p>Seg\u00fan se pudo conocer , la causa desde ayer se encuentra en asesor\u00eda letrada.<br \/>\n<em><strong>En Tucum\u00e1n, los oferentes perjudicados por la maniobra en la millonaria licitaci\u00f3n de chalecos blindados, daran la batalla legal.<\/strong><\/em><\/p>\n<p>Un dato que no hay que dejar de soslayar es que a pesar de estar activa la impugnaci\u00f3n, las autoridades siguen adelante con el proceso pol\u00e9mico y sospechado de corrupci\u00f3n.<\/p>\n","protected":false},"excerpt":{"rendered":"<p>Mientras la ministra de seguridad de la naci\u00f3n se\u00f1ora Patricia Bullrich ech\u00f3 a su secretario por intervenir en una licitaci\u00f3n, el ministro de seguridad Eugenio Ag\u00fcero Gamboa de la Provincia de Tucum\u00e1n a\u00fan contin\u00faa en el cargo, el cual cuenta con una denuncia por lavado de activos y asociaci\u00f3n il\u00edcita en el tribunal Federal. Y [&hellip;]<\/p>\n","protected":false},"author":2,"featured_media":1112,"comment_status":"open","ping_status":"open","sticky":false,"template":"","format":"standard","meta":{"footnotes":""},"categories":[23,22,27],"tags":[33,31,32],"class_list":{"0":"post-1111","1":"post","2":"type-post","3":"status-publish","4":"format-standard","5":"has-post-thumbnail","7":"category-destacados","8":"category-nacionales","9":"category-policiales","10":"tag-chalecos-antibalas","11":"tag-eugenio-aguero-gamboa","12":"tag-tucuman"},"aioseo_notices":[],"_links":{"self":[{"href":"https:\/\/elfaroonline.com.ar\/index.php\/wp-json\/wp\/v2\/posts\/1111","targetHints":{"allow":["GET"]}}],"collection":[{"href":"https:\/\/elfaroonline.com.ar\/index.php\/wp-json\/wp\/v2\/posts"}],"about":[{"href":"https:\/\/elfaroonline.com.ar\/index.php\/wp-json\/wp\/v2\/types\/post"}],"author":[{"embeddable":true,"href":"https:\/\/elfaroonline.com.ar\/index.php\/wp-json\/wp\/v2\/users\/2"}],"replies":[{"embeddable":true,"href":"https:\/\/elfaroonline.com.ar\/index.php\/wp-json\/wp\/v2\/comments?post=1111"}],"version-history":[{"count":3,"href":"https:\/\/elfaroonline.com.ar\/index.php\/wp-json\/wp\/v2\/posts\/1111\/revisions"}],"predecessor-version":[{"id":1117,"href":"https:\/\/elfaroonline.com.ar\/index.php\/wp-json\/wp\/v2\/posts\/1111\/revisions\/1117"}],"wp:featuredmedia":[{"embeddable":true,"href":"https:\/\/elfaroonline.com.ar\/index.php\/wp-json\/wp\/v2\/media\/1112"}],"wp:attachment":[{"href":"https:\/\/elfaroonline.com.ar\/index.php\/wp-json\/wp\/v2\/media?parent=1111"}],"wp:term":[{"taxonomy":"category","embeddable":true,"href":"https:\/\/elfaroonline.com.ar\/index.php\/wp-json\/wp\/v2\/categories?post=1111"},{"taxonomy":"post_tag","embeddable":true,"href":"https:\/\/elfaroonline.com.ar\/index.php\/wp-json\/wp\/v2\/tags?post=1111"}],"curies":[{"name":"wp","href":"https:\/\/api.w.org\/{rel}","templated":true}]}}