{"id":1129,"date":"2024-06-28T07:39:01","date_gmt":"2024-06-28T10:39:01","guid":{"rendered":"https:\/\/elfaroonline.com.ar\/?p=1129"},"modified":"2024-06-28T07:39:01","modified_gmt":"2024-06-28T10:39:01","slug":"deportes-llega-al-poncho-con-actividades-gratuitas-para-todas-las-edades","status":"publish","type":"post","link":"https:\/\/elfaroonline.com.ar\/index.php\/2024\/06\/28\/deportes-llega-al-poncho-con-actividades-gratuitas-para-todas-las-edades\/","title":{"rendered":"Deportes llega al Poncho con actividades gratuitas para todas las edades"},"content":{"rendered":"<p class=\"v1MsoNormal\">La Secretar\u00eda de Deportes y Recreaci\u00f3n del Ministerio de Cultura, Turismo y Deporte, que encabeza Guillermo Perna, presentar\u00e1 en el marco de la 53\u00ba Fiesta Nacional e Internacional del Poncho 2024, &#8220;Zona Deportiva&#8221;, un espacio dentro del Predio Ferial con actividades deportivas y de esparcimiento gratuitas para todas las edades.<\/p>\n<p class=\"v1MsoNormal\">Zona Deportiva contar\u00e1 -durante los d\u00edas en que se desarrolle la fiesta, del 12 al 21 de julio en el horario de 14 a 21 hs- con una amplia oferta para todas las edades. Los m\u00e1s chicos disfrutar\u00e1n de juegos inflables para que puedan divertirse con diferentes disciplinas deportivas. Adem\u00e1s, habr\u00e1 un espacio gaming que tendr\u00e1 consolas de juegos electr\u00f3nicos, donde los visitantes podr\u00e1n competir en diferentes torneos que se realizar\u00e1n.<\/p>\n<p class=\"v1MsoNormal\">Otro imperdible del espacio es una nueva visita de las copas: Final\u00edsima, Am\u00e9rica y del Mundo, que logr\u00f3 la Selecci\u00f3n Argentina de F\u00fatbol y que estar\u00e1n nuevamente en exposici\u00f3n para que todos puedan tener una foto de recuerdo con cada una de ellas.<\/p>\n<p class=\"v1MsoNormal\">Por otra parte, la oferta deportiva incluye un simulador de vuelo de parapente y una pista extrema donde estar\u00e1 el destacado piloto Diego Demelchori concretando una exhibici\u00f3n de freestyle. Tambi\u00e9n, el sector tendr\u00e1 un streamig -que podr\u00e1 seguir desde las redes sociales de la Secretar\u00eda de Deportes- que ser\u00e1 conducido por Carlitos Ponce, Andrea Olmedo y Roberto Chac\u00f3n, donde se har\u00e1n juegos, entrevistas y mucho m\u00e1s.<\/p>\n<p class=\"v1MsoNormal\">Dentro de las nuevas propuestas, adem\u00e1s del Predio Ferial, Deporte sumar\u00e1 al Estadio Provincial Bicentenario, con el objetivo de que sea otro punto importante de atracci\u00f3n. Habr\u00e1 sorteos para volar en un globo aerost\u00e1tico, y se dispondr\u00e1 de la zona de cabinas para disfrutar de la mejor vista. Tambi\u00e9n, habr\u00e1 un sector gastron\u00f3mico para que puedan degustar de una linda merienda apreciando, desde un mirador, toda la dimensi\u00f3n del Predio Ferial.<\/p>\n","protected":false},"excerpt":{"rendered":"<p>La Secretar\u00eda de Deportes y Recreaci\u00f3n del Ministerio de Cultura, Turismo y Deporte, que encabeza Guillermo Perna, presentar\u00e1 en el marco de la 53\u00ba Fiesta Nacional e Internacional del Poncho 2024, &#8220;Zona Deportiva&#8221;, un espacio dentro del Predio Ferial con actividades deportivas y de esparcimiento gratuitas para todas las edades. Zona Deportiva contar\u00e1 -durante los [&hellip;]<\/p>\n","protected":false},"author":2,"featured_media":1130,"comment_status":"open","ping_status":"open","sticky":false,"template":"","format":"standard","meta":{"footnotes":""},"categories":[25,23],"tags":[],"class_list":{"0":"post-1129","1":"post","2":"type-post","3":"status-publish","4":"format-standard","5":"has-post-thumbnail","7":"category-deportes","8":"category-destacados"},"aioseo_notices":[],"_links":{"self":[{"href":"https:\/\/elfaroonline.com.ar\/index.php\/wp-json\/wp\/v2\/posts\/1129","targetHints":{"allow":["GET"]}}],"collection":[{"href":"https:\/\/elfaroonline.com.ar\/index.php\/wp-json\/wp\/v2\/posts"}],"about":[{"href":"https:\/\/elfaroonline.com.ar\/index.php\/wp-json\/wp\/v2\/types\/post"}],"author":[{"embeddable":true,"href":"https:\/\/elfaroonline.com.ar\/index.php\/wp-json\/wp\/v2\/users\/2"}],"replies":[{"embeddable":true,"href":"https:\/\/elfaroonline.com.ar\/index.php\/wp-json\/wp\/v2\/comments?post=1129"}],"version-history":[{"count":1,"href":"https:\/\/elfaroonline.com.ar\/index.php\/wp-json\/wp\/v2\/posts\/1129\/revisions"}],"predecessor-version":[{"id":1131,"href":"https:\/\/elfaroonline.com.ar\/index.php\/wp-json\/wp\/v2\/posts\/1129\/revisions\/1131"}],"wp:featuredmedia":[{"embeddable":true,"href":"https:\/\/elfaroonline.com.ar\/index.php\/wp-json\/wp\/v2\/media\/1130"}],"wp:attachment":[{"href":"https:\/\/elfaroonline.com.ar\/index.php\/wp-json\/wp\/v2\/media?parent=1129"}],"wp:term":[{"taxonomy":"category","embeddable":true,"href":"https:\/\/elfaroonline.com.ar\/index.php\/wp-json\/wp\/v2\/categories?post=1129"},{"taxonomy":"post_tag","embeddable":true,"href":"https:\/\/elfaroonline.com.ar\/index.php\/wp-json\/wp\/v2\/tags?post=1129"}],"curies":[{"name":"wp","href":"https:\/\/api.w.org\/{rel}","templated":true}]}}