{"id":1132,"date":"2024-06-28T07:42:00","date_gmt":"2024-06-28T10:42:00","guid":{"rendered":"https:\/\/elfaroonline.com.ar\/?p=1132"},"modified":"2024-06-28T07:42:00","modified_gmt":"2024-06-28T10:42:00","slug":"mas-de-24-000-mayores-de-50-anos-deben-aplicarse-la-vacuna-antigripal","status":"publish","type":"post","link":"https:\/\/elfaroonline.com.ar\/index.php\/2024\/06\/28\/mas-de-24-000-mayores-de-50-anos-deben-aplicarse-la-vacuna-antigripal\/","title":{"rendered":"M\u00e1s de 24.000 mayores de 50 a\u00f1os deben aplicarse la vacuna antigripal"},"content":{"rendered":"<p class=\"v1MsoNormal\">El Ministerio de Salud de la Provincia sostiene la importancia de vacunarse contra la gripe, ya que reduce las complicaciones, hospitalizaciones, secuelas y muertes ocasionadas por el virus influenza.<\/p>\n<p class=\"v1MsoNormal\">En Catamarca, los porcentajes de cobertura de vacunaci\u00f3n antigripal no alcanzan el 50 por ciento, a excepci\u00f3n del personal de salud, es decir que m\u00e1s de la mitad de la poblaci\u00f3n objetivo a\u00fan no concurri\u00f3 a los vacunatorios.<\/p>\n<p class=\"v1MsoNormal\">Son 24.478 los adultos mayores de 50 a\u00f1os que no se acercaron a los vacunatorios a recibir la dosis correspondiente. En cuanto a los ni\u00f1os y ni\u00f1as de 6 a 24 meses, faltan 3.405 de 1\u00b0 dosis y 3.840 de 2\u00b0 dosis.<\/p>\n<p class=\"v1MsoNormal\">Respecto a las personas gestantes, 1.920 no se vacunaron.<\/p>\n<p class=\"v1MsoNormal\"><b>Vacunaci\u00f3n<\/b><\/p>\n<p class=\"v1MsoNormal\">La vacuna antigripal est\u00e1 disponible en todos los vacunatorios, es gratuita para la poblaci\u00f3n objetivo, no requiere orden m\u00e9dica y se puede aplicar administrarse en forma simult\u00e1nea con otras vacunas del Calendario Nacional o COVID-19.<\/p>\n<p class=\"v1MsoNormal\">El Calendario Nacional de Vacunaci\u00f3n incluye la vacuna antigripal para la poblaci\u00f3n de riesgo:<\/p>\n<p class=\"v1MsoNormal\">&#8211;\u00a0\u00a0\u00a0\u00a0\u00a0\u00a0\u00a0\u00a0\u00a0\u00a0\u00a0\u00a0\u00a0 personal de Salud,<\/p>\n<p class=\"v1MsoNormal\">&#8211;\u00a0\u00a0\u00a0\u00a0\u00a0\u00a0\u00a0\u00a0\u00a0\u00a0\u00a0\u00a0\u00a0 personas gestantes (en cualquier momento del embarazo),<\/p>\n<p class=\"v1MsoNormal\">&#8211;\u00a0\u00a0\u00a0\u00a0\u00a0\u00a0\u00a0\u00a0\u00a0\u00a0\u00a0\u00a0\u00a0 ni\u00f1as y ni\u00f1os de 6 a 24 meses,<\/p>\n<p class=\"v1MsoNormal\">&#8211;\u00a0\u00a0\u00a0\u00a0\u00a0\u00a0\u00a0\u00a0\u00a0\u00a0\u00a0\u00a0\u00a0 inmunocomprometidos y,<\/p>\n<p class=\"v1MsoNormal\">&#8211;\u00a0\u00a0\u00a0\u00a0\u00a0\u00a0\u00a0\u00a0\u00a0\u00a0\u00a0\u00a0\u00a0 personas mayores de 65 a\u00f1os.<\/p>\n<p class=\"v1MsoNormal\">Las personas que no se encuentran dentro de estos cinco grupos, pero que presenten alg\u00fan factor de riesgo, pueden recibir la vacuna de forma gratuita con pedido de su m\u00e9dico de cabecera.<\/p>\n<p class=\"v1MsoNormal\"><b>Porcentajes de cobertura total de vacunaci\u00f3n antigripal<\/b><\/p>\n<p class=\"v1MsoNormal\">&#8211;\u00a0\u00a0\u00a0\u00a0\u00a0\u00a0 \u00a0\u00a0\u00a0\u00a0\u00a0\u00a0\u00a06 a 24 meses: 1\u00b0 dosis 49,2% &#8211; 2\u00b0 dosis 40,3%<\/p>\n<p class=\"v1MsoNormal\">&#8211;\u00a0\u00a0\u00a0\u00a0\u00a0\u00a0\u00a0\u00a0\u00a0\u00a0\u00a0\u00a0\u00a0 M\u00e1s de 65 a\u00f1os: 43,9%<\/p>\n<p class=\"v1MsoNormal\">&#8211;\u00a0\u00a0\u00a0\u00a0\u00a0\u00a0\u00a0\u00a0\u00a0\u00a0\u00a0\u00a0\u00a0 Personal de Salud: 78,1%<\/p>\n<p class=\"v1MsoNormal\">&#8211;\u00a0\u00a0\u00a0\u00a0\u00a0\u00a0\u00a0\u00a0\u00a0\u00a0\u00a0\u00a0\u00a0 Personas gestantes: 46,0%<\/p>\n<div>\n<p>&nbsp;<\/p>\n<\/div>\n","protected":false},"excerpt":{"rendered":"<p>El Ministerio de Salud de la Provincia sostiene la importancia de vacunarse contra la gripe, ya que reduce las complicaciones, hospitalizaciones, secuelas y muertes ocasionadas por el virus influenza. En Catamarca, los porcentajes de cobertura de vacunaci\u00f3n antigripal no alcanzan el 50 por ciento, a excepci\u00f3n del personal de salud, es decir que m\u00e1s de [&hellip;]<\/p>\n","protected":false},"author":2,"featured_media":1133,"comment_status":"open","ping_status":"open","sticky":false,"template":"","format":"standard","meta":{"footnotes":""},"categories":[20],"tags":[],"class_list":{"0":"post-1132","1":"post","2":"type-post","3":"status-publish","4":"format-standard","5":"has-post-thumbnail","7":"category-sociedad"},"aioseo_notices":[],"_links":{"self":[{"href":"https:\/\/elfaroonline.com.ar\/index.php\/wp-json\/wp\/v2\/posts\/1132","targetHints":{"allow":["GET"]}}],"collection":[{"href":"https:\/\/elfaroonline.com.ar\/index.php\/wp-json\/wp\/v2\/posts"}],"about":[{"href":"https:\/\/elfaroonline.com.ar\/index.php\/wp-json\/wp\/v2\/types\/post"}],"author":[{"embeddable":true,"href":"https:\/\/elfaroonline.com.ar\/index.php\/wp-json\/wp\/v2\/users\/2"}],"replies":[{"embeddable":true,"href":"https:\/\/elfaroonline.com.ar\/index.php\/wp-json\/wp\/v2\/comments?post=1132"}],"version-history":[{"count":1,"href":"https:\/\/elfaroonline.com.ar\/index.php\/wp-json\/wp\/v2\/posts\/1132\/revisions"}],"predecessor-version":[{"id":1134,"href":"https:\/\/elfaroonline.com.ar\/index.php\/wp-json\/wp\/v2\/posts\/1132\/revisions\/1134"}],"wp:featuredmedia":[{"embeddable":true,"href":"https:\/\/elfaroonline.com.ar\/index.php\/wp-json\/wp\/v2\/media\/1133"}],"wp:attachment":[{"href":"https:\/\/elfaroonline.com.ar\/index.php\/wp-json\/wp\/v2\/media?parent=1132"}],"wp:term":[{"taxonomy":"category","embeddable":true,"href":"https:\/\/elfaroonline.com.ar\/index.php\/wp-json\/wp\/v2\/categories?post=1132"},{"taxonomy":"post_tag","embeddable":true,"href":"https:\/\/elfaroonline.com.ar\/index.php\/wp-json\/wp\/v2\/tags?post=1132"}],"curies":[{"name":"wp","href":"https:\/\/api.w.org\/{rel}","templated":true}]}}