{"id":1135,"date":"2024-06-28T07:46:02","date_gmt":"2024-06-28T10:46:02","guid":{"rendered":"https:\/\/elfaroonline.com.ar\/?p=1135"},"modified":"2024-06-28T07:46:02","modified_gmt":"2024-06-28T10:46:02","slug":"poncho-2024-se-agotaron-las-entradas-para-personas-con-discapacidad","status":"publish","type":"post","link":"https:\/\/elfaroonline.com.ar\/index.php\/2024\/06\/28\/poncho-2024-se-agotaron-las-entradas-para-personas-con-discapacidad\/","title":{"rendered":"Poncho 2024: Se agotaron las entradas para personas con discapacidad"},"content":{"rendered":"<p class=\"v1MsoNormal\"><span lang=\"ES\">La organizaci\u00f3n de la Fiesta Nacional e Internacional del Poncho comunica que en la primera jornada se complet\u00f3 el cupo de entradas gratuitas para personas con discapacidad para el festival del Escenario Mayor que se realizar\u00e1 del 12 al 21 de julio en el Predio Ferial Catamarca.<\/span><\/p>\n<p class=\"v1MsoNormal\"><span lang=\"ES\">\u00a0<\/span><\/p>\n<p class=\"v1MsoNormal\"><span lang=\"ES\">Seg\u00fan se inform\u00f3, la mayor\u00eda de las personas con Certificado \u00danico de Discapacidad (CUD) que hizo su reserva \u2013tanto de forma presencial como virtual a trav\u00e9s de la p\u00e1gina ticketweb.com.ar- reserv\u00f3 entradas para las 7 noches que hab\u00edan salido a la venta. <\/span><\/p>\n<p class=\"v1MsoNormal\"><span lang=\"ES\">\u00a0<\/span><\/p>\n<p class=\"v1MsoNormal\"><span lang=\"ES\">La modalidad de entrega se realiz\u00f3 respetando lo acordado por el Ministerio de Cultura, Turismo y Deporte de Catamarca, el Consejo Municipal de las Personas con Discapacidad, la Direcci\u00f3n Provincial de Asistencia Integral a Personas con Discapacidad del Ministerio de Salud de la Provincia y la empresa catamarque\u00f1a TicketWeb.<\/span><\/p>\n<p class=\"v1MsoNormal\"><span lang=\"ES\">\u00a0<\/span><\/p>\n<p class=\"v1MsoNormal\"><span lang=\"ES\">Se solicita que las personas con CUD que haya reservado entradas y por alguna raz\u00f3n no puedan asistir a alguna noche, realicen la devoluci\u00f3n v\u00eda whatsapp al servicio de asistencia virtual de Ticketweb <a href=\"tel:383 5160000\">383 5160000<\/a> para que sean inmediatamente asignadas a las personas que se anotaron, recibieron un n\u00famero de orden y quedaron en lista de espera.<\/span><\/p>\n","protected":false},"excerpt":{"rendered":"<p>La organizaci\u00f3n de la Fiesta Nacional e Internacional del Poncho comunica que en la primera jornada se complet\u00f3 el cupo de entradas gratuitas para personas con discapacidad para el festival del Escenario Mayor que se realizar\u00e1 del 12 al 21 de julio en el Predio Ferial Catamarca. \u00a0 Seg\u00fan se inform\u00f3, la mayor\u00eda de las [&hellip;]<\/p>\n","protected":false},"author":2,"featured_media":1136,"comment_status":"open","ping_status":"open","sticky":false,"template":"","format":"standard","meta":{"footnotes":""},"categories":[20],"tags":[],"class_list":{"0":"post-1135","1":"post","2":"type-post","3":"status-publish","4":"format-standard","5":"has-post-thumbnail","7":"category-sociedad"},"aioseo_notices":[],"_links":{"self":[{"href":"https:\/\/elfaroonline.com.ar\/index.php\/wp-json\/wp\/v2\/posts\/1135","targetHints":{"allow":["GET"]}}],"collection":[{"href":"https:\/\/elfaroonline.com.ar\/index.php\/wp-json\/wp\/v2\/posts"}],"about":[{"href":"https:\/\/elfaroonline.com.ar\/index.php\/wp-json\/wp\/v2\/types\/post"}],"author":[{"embeddable":true,"href":"https:\/\/elfaroonline.com.ar\/index.php\/wp-json\/wp\/v2\/users\/2"}],"replies":[{"embeddable":true,"href":"https:\/\/elfaroonline.com.ar\/index.php\/wp-json\/wp\/v2\/comments?post=1135"}],"version-history":[{"count":1,"href":"https:\/\/elfaroonline.com.ar\/index.php\/wp-json\/wp\/v2\/posts\/1135\/revisions"}],"predecessor-version":[{"id":1137,"href":"https:\/\/elfaroonline.com.ar\/index.php\/wp-json\/wp\/v2\/posts\/1135\/revisions\/1137"}],"wp:featuredmedia":[{"embeddable":true,"href":"https:\/\/elfaroonline.com.ar\/index.php\/wp-json\/wp\/v2\/media\/1136"}],"wp:attachment":[{"href":"https:\/\/elfaroonline.com.ar\/index.php\/wp-json\/wp\/v2\/media?parent=1135"}],"wp:term":[{"taxonomy":"category","embeddable":true,"href":"https:\/\/elfaroonline.com.ar\/index.php\/wp-json\/wp\/v2\/categories?post=1135"},{"taxonomy":"post_tag","embeddable":true,"href":"https:\/\/elfaroonline.com.ar\/index.php\/wp-json\/wp\/v2\/tags?post=1135"}],"curies":[{"name":"wp","href":"https:\/\/api.w.org\/{rel}","templated":true}]}}