{"id":1145,"date":"2024-06-28T10:32:15","date_gmt":"2024-06-28T13:32:15","guid":{"rendered":"https:\/\/elfaroonline.com.ar\/?p=1145"},"modified":"2024-06-28T10:32:15","modified_gmt":"2024-06-28T13:32:15","slug":"cierran-temporalmente-la-fabrica-de-alfombras","status":"publish","type":"post","link":"https:\/\/elfaroonline.com.ar\/index.php\/2024\/06\/28\/cierran-temporalmente-la-fabrica-de-alfombras\/","title":{"rendered":"Cierran temporalmente la F\u00e1brica de Alfombras"},"content":{"rendered":"<p class=\"v1MsoNormal\"><span lang=\"ES\">La Direcci\u00f3n Provincial de Artesan\u00edas del Ministerio de Cultura, Turismo y Deporte de la provincia comunica que desde hoy viernes 28 de junio la F\u00e1brica de Alfombras permanecer\u00e1 cerrada por trabajos de acondicionamiento para la Fiesta Nacional e Internacional del Poncho que se realizar\u00e1 del 12 al 21 de julio en el Predio Ferial. <\/span><\/p>\n<p class=\"v1MsoNormal\"><span lang=\"ES\">\u00a0<\/span><\/p>\n<p class=\"v1MsoNormal\"><span lang=\"ES\">A partir del 10 de julio los visitantes podr\u00e1n recorrer la F\u00e1brica de Alfombras donde pueden conocer c\u00f3mo es el trabajo de creaci\u00f3n de las alfombras artesanales que son representativas de la provincia.<\/span><\/p>\n","protected":false},"excerpt":{"rendered":"<p>La Direcci\u00f3n Provincial de Artesan\u00edas del Ministerio de Cultura, Turismo y Deporte de la provincia comunica que desde hoy viernes 28 de junio la F\u00e1brica de Alfombras permanecer\u00e1 cerrada por trabajos de acondicionamiento para la Fiesta Nacional e Internacional del Poncho que se realizar\u00e1 del 12 al 21 de julio en el Predio Ferial. \u00a0 [&hellip;]<\/p>\n","protected":false},"author":2,"featured_media":1146,"comment_status":"open","ping_status":"open","sticky":false,"template":"","format":"standard","meta":{"footnotes":""},"categories":[20],"tags":[],"class_list":{"0":"post-1145","1":"post","2":"type-post","3":"status-publish","4":"format-standard","5":"has-post-thumbnail","7":"category-sociedad"},"aioseo_notices":[],"_links":{"self":[{"href":"https:\/\/elfaroonline.com.ar\/index.php\/wp-json\/wp\/v2\/posts\/1145","targetHints":{"allow":["GET"]}}],"collection":[{"href":"https:\/\/elfaroonline.com.ar\/index.php\/wp-json\/wp\/v2\/posts"}],"about":[{"href":"https:\/\/elfaroonline.com.ar\/index.php\/wp-json\/wp\/v2\/types\/post"}],"author":[{"embeddable":true,"href":"https:\/\/elfaroonline.com.ar\/index.php\/wp-json\/wp\/v2\/users\/2"}],"replies":[{"embeddable":true,"href":"https:\/\/elfaroonline.com.ar\/index.php\/wp-json\/wp\/v2\/comments?post=1145"}],"version-history":[{"count":1,"href":"https:\/\/elfaroonline.com.ar\/index.php\/wp-json\/wp\/v2\/posts\/1145\/revisions"}],"predecessor-version":[{"id":1147,"href":"https:\/\/elfaroonline.com.ar\/index.php\/wp-json\/wp\/v2\/posts\/1145\/revisions\/1147"}],"wp:featuredmedia":[{"embeddable":true,"href":"https:\/\/elfaroonline.com.ar\/index.php\/wp-json\/wp\/v2\/media\/1146"}],"wp:attachment":[{"href":"https:\/\/elfaroonline.com.ar\/index.php\/wp-json\/wp\/v2\/media?parent=1145"}],"wp:term":[{"taxonomy":"category","embeddable":true,"href":"https:\/\/elfaroonline.com.ar\/index.php\/wp-json\/wp\/v2\/categories?post=1145"},{"taxonomy":"post_tag","embeddable":true,"href":"https:\/\/elfaroonline.com.ar\/index.php\/wp-json\/wp\/v2\/tags?post=1145"}],"curies":[{"name":"wp","href":"https:\/\/api.w.org\/{rel}","templated":true}]}}