{"id":1148,"date":"2024-06-28T10:37:44","date_gmt":"2024-06-28T13:37:44","guid":{"rendered":"https:\/\/elfaroonline.com.ar\/?p=1148"},"modified":"2024-06-28T10:37:44","modified_gmt":"2024-06-28T13:37:44","slug":"javier-milei-ya-paso-la-etapa-del-deficit-cero-ahora-vamos-a-la-emision-cero-se-viene-el-cambio-de-regimen-monetario","status":"publish","type":"post","link":"https:\/\/elfaroonline.com.ar\/index.php\/2024\/06\/28\/javier-milei-ya-paso-la-etapa-del-deficit-cero-ahora-vamos-a-la-emision-cero-se-viene-el-cambio-de-regimen-monetario\/","title":{"rendered":"Javier Milei: \u201cYa pas\u00f3 la etapa del d\u00e9ficit cero, ahora vamos a la emisi\u00f3n cero, se viene el cambio de r\u00e9gimen monetario\u201d"},"content":{"rendered":"<p>El presidente <b>Javier Milei<\/b> expres\u00f3 esta ma\u00f1ana su satisfacci\u00f3n por la sanci\u00f3n de la ley bases <a href=\"https:\/\/www.infobae.com\/politica\/2024\/06\/28\/ley-bases-y-paquete-fiscal-10-cambios-que-impactaran-en-la-vida-diaria-de-los-argentinos\/\" target=\"_blank\" rel=\"noopener noreferrer\" data-mrf-link=\"https:\/\/www.infobae.com\/politica\/2024\/06\/28\/ley-bases-y-paquete-fiscal-10-cambios-que-impactaran-en-la-vida-diaria-de-los-argentinos\/\">\u00a0<\/a>en el Congreso y asegur\u00f3 que esto marca un punto de inflexi\u00f3n para la Argentina y para la gesti\u00f3n libertaria.<\/p>\n<p>\u201cHasta ahora hicimos la<b> fase 1<\/b> del gobierno; por un lado, hemos pasado la reforma estructural m\u00e1s grande de la historia. La Ley Bases de anoche es un<b> hito hist\u00f3rico y monumental<\/b>, es cinco veces m\u00e1s grande que la reforma que hizo (Carlos) Menem, que hasta ahora era la m\u00e1s grande de la historia argentina\u201d, comenz\u00f3 su an\u00e1lisis el jefe de Estado, en declaraciones al periodista Antonio Laje en el canal <i>LN+<\/i>.<\/p>\n<p>Luego, se enfoc\u00f3 en el futuro y adelant\u00f3 lo que viene:<b> \u201cHemos logrado consolidar el d\u00e9ficit cero<\/b>, por lo tanto, la consolidaci\u00f3n fiscal est\u00e1 en marcha.<b> Ya pas\u00f3 la etapa del d\u00e9ficit cero, ahora vamos a la etapa de emisi\u00f3n cero, ahora se viene el cambio de r\u00e9gimen monetario\u201d.<\/b><\/p>\n<p class=\"paragraph\" data-mrf-recirculation=\"Links inline\">En ese sentido, el Presidente hizo una aclaraci\u00f3n relevante: \u201cApuntamos a que lo que se denomina<b>la base monetaria amplia no var\u00ede m\u00e1s<\/b>. Est\u00e1 cerrado el grifo fiscal, hemos eliminado fuertemente los pasivos remunerados, adentro de las cuentas del Banco Central hay un ajuste de 9 puntos del PBI. Y la idea es que la base monetaria amplia y la simple se parezcan cada d\u00eda m\u00e1s, hasta que terminan de desaparecer los remunerados\u201d.<\/p>\n<p class=\"paragraph\" data-mrf-recirculation=\"Links inline\">De todos modos, dej\u00f3 en claro que no se conforma con los cambios que propiciar\u00e1 la Ley Bases y adelant\u00f3 cu\u00e1les ser\u00e1n los pr\u00f3ximos pasos: \u201cVienen m\u00e1s reformas estructurales,<b> la semana que viene hacemos el nombramiento de (Federico) Sturzenegger <\/b>y vamos a sacar lo que \u00e9l llama \u201c<b>Ley de Hojarascas<\/b>\u201d, que son un conjunto de <b>regulaciones<\/b> que <b>entorpecen<\/b> el funcionamiento del<b> sistema econ\u00f3mico<\/b>\u201d.<\/p>\n<p class=\"paragraph\" data-mrf-recirculation=\"Links inline\">Aunque no precis\u00f3 cu\u00e1l va a ser el ministerio que encabezar\u00e1 Sturzegenener, el mandatario detall\u00f3 que \u201cva a ser el <b>encargado <\/b>de llevar a cabo las <b>reformas <\/b>estructurales para que ganemos <b>libertad econ\u00f3mica <\/b>y podamos seguir creciendo\u201d.<\/p>\n<p class=\"paragraph\" data-mrf-recirculation=\"Links inline\">Tambi\u00e9n intent\u00f3 llevar tranquilidad al mercado, ante la inquietud por la <b>ca\u00edda de reservas<\/b>: \u201cEstamos <b>sobrecumplidos en la meta<\/b>, podr\u00edamos hasta perder 4 mil millones de d\u00f3lares, va a depender de lo duro y largo que sea el invierno, pero<b> estamos holgados<\/b> en materia de reservas\u201d.<\/p>\n<p class=\"paragraph\" data-mrf-recirculation=\"Links inline\">En cuanto a la marcha de la econom\u00eda, el jefe de Estado fue optimista: \u201cYa se est\u00e1 moviendo y hay <b>fundamentos<\/b> para que empecemos una <b>recuperaci\u00f3n s\u00f3lida.<\/b> Cuando pasa el p\u00e1nico se empieza a expandir el consumo, hay recomposici\u00f3n de salarios reales y de jubilaciones y el gasto p\u00fablico en t\u00e9rminos reales cay\u00f3 30%, lo que implic\u00f3 un ahorro fiscal de 15 puntos del PBI, que ahora vuelve para que la gente lo pueda usar&#8230; <b>En diciembre discut\u00edamos la hiperinflaci\u00f3n y hoy discutimos los cr\u00e9ditos hipotecarios<\/b>\u201d.<\/p>\n<p class=\"paragraph\" data-mrf-recirculation=\"Links inline\">A continuaci\u00f3n, otras frases destacadas:<\/p>\n<div class=\"headline-wrapper\">\n<h2 class=\"header headline-class-h2\">Impuestos, d\u00f3lar, y libertarados<\/h2>\n<\/div>\n<p class=\"paragraph\" data-mrf-recirculation=\"Links inline\">\u201cEl salario real est\u00e1 mejor que cuando asumimos. Las jubilaciones est\u00e1n arriba y en d\u00f3lares se duplicaron\u201d.<\/p>\n<p class=\"paragraph\" data-mrf-recirculation=\"Links inline\">\u201c(Bono para jubilados): tiene caracter\u00edstica discrecional, y tenemos que ser serios. Solo habr\u00e1 bonos en funci\u00f3n de c\u00f3mo viene la situaci\u00f3n y los n\u00fameros fiscales. No vamos a mentir dando cosas que no hay\u201d.<\/p>\n<p class=\"paragraph\" data-mrf-recirculation=\"Links inline\">\u201c(\u00bfTe preocupa el d\u00f3lar?) No\u201d.<\/p>\n<p class=\"paragraph\" data-mrf-recirculation=\"Links inline\">\u201c<b>La dolarizaci\u00f3n va a ocurrir naturalmente<\/b>. Es en realidad competencia de moneda. El peso no necesitas que desaparezca, lo que necesitas es que no crezca m\u00e1s. Es un proceso que se va a ir dando con el tiempo\u201d.<\/p>\n<p class=\"paragraph\" data-mrf-recirculation=\"Links inline\">\u201c<b>Hay algunos que confunden ser libertarios a ser libertarado<\/b>\u201d.<\/p>\n<p class=\"paragraph\" data-mrf-recirculation=\"Links inline\">\u201cHemos descubierto que enfrente tenemos un conjunto de degenerados que no tiene ning\u00fan tipo de problema de destruir a la poblaci\u00f3n con tal de tener poder, eso se ve en lo que nos dejaron de herencia\u201d.<\/p>\n<p class=\"paragraph\" data-mrf-recirculation=\"Links inline\">\u201cYo no voy a llorar por la herencia, porque en condiciones normales no ten\u00e9s un presidente libertario, <b>tiene que estar todo muy roto<\/b>. Era mucho m\u00e1s f\u00e1cil arreglarlo si estallaba, pero ellos esperaban que nos estallara todo y en diciembre arrancaban los saqueos y en enero volv\u00edan al poder, todo el ajuste se hac\u00eda por las malas, todo era culpa de los libertarios e ibas a tener 100 a\u00f1os m\u00e1s de populismo hasta que nos hundi\u00e9ramos en la m\u00e1s guarra de las miserias\u201d.<\/p>\n<p class=\"paragraph\" data-mrf-recirculation=\"Links inline\">\u201cLa idea es simplificar la estructura tributaria y de 170 impuestos bajarlos a 10, por eso es tan importante el pacto de mayo\u201d.<\/p>\n<p class=\"paragraph\" data-mrf-recirculation=\"Links inline\">\u201c(\u00bfTe interesa mucho lo que piensen de vos?) En t\u00e9rminos generales, me importa un r\u00e1bano\u201d.<\/p>\n","protected":false},"excerpt":{"rendered":"<p>El presidente Javier Milei expres\u00f3 esta ma\u00f1ana su satisfacci\u00f3n por la sanci\u00f3n de la ley bases \u00a0en el Congreso y asegur\u00f3 que esto marca un punto de inflexi\u00f3n para la Argentina y para la gesti\u00f3n libertaria. \u201cHasta ahora hicimos la fase 1 del gobierno; por un lado, hemos pasado la reforma estructural m\u00e1s grande de [&hellip;]<\/p>\n","protected":false},"author":2,"featured_media":1149,"comment_status":"open","ping_status":"open","sticky":false,"template":"","format":"standard","meta":{"footnotes":""},"categories":[22,21],"tags":[],"class_list":{"0":"post-1148","1":"post","2":"type-post","3":"status-publish","4":"format-standard","5":"has-post-thumbnail","7":"category-nacionales","8":"category-politica"},"aioseo_notices":[],"_links":{"self":[{"href":"https:\/\/elfaroonline.com.ar\/index.php\/wp-json\/wp\/v2\/posts\/1148","targetHints":{"allow":["GET"]}}],"collection":[{"href":"https:\/\/elfaroonline.com.ar\/index.php\/wp-json\/wp\/v2\/posts"}],"about":[{"href":"https:\/\/elfaroonline.com.ar\/index.php\/wp-json\/wp\/v2\/types\/post"}],"author":[{"embeddable":true,"href":"https:\/\/elfaroonline.com.ar\/index.php\/wp-json\/wp\/v2\/users\/2"}],"replies":[{"embeddable":true,"href":"https:\/\/elfaroonline.com.ar\/index.php\/wp-json\/wp\/v2\/comments?post=1148"}],"version-history":[{"count":1,"href":"https:\/\/elfaroonline.com.ar\/index.php\/wp-json\/wp\/v2\/posts\/1148\/revisions"}],"predecessor-version":[{"id":1150,"href":"https:\/\/elfaroonline.com.ar\/index.php\/wp-json\/wp\/v2\/posts\/1148\/revisions\/1150"}],"wp:featuredmedia":[{"embeddable":true,"href":"https:\/\/elfaroonline.com.ar\/index.php\/wp-json\/wp\/v2\/media\/1149"}],"wp:attachment":[{"href":"https:\/\/elfaroonline.com.ar\/index.php\/wp-json\/wp\/v2\/media?parent=1148"}],"wp:term":[{"taxonomy":"category","embeddable":true,"href":"https:\/\/elfaroonline.com.ar\/index.php\/wp-json\/wp\/v2\/categories?post=1148"},{"taxonomy":"post_tag","embeddable":true,"href":"https:\/\/elfaroonline.com.ar\/index.php\/wp-json\/wp\/v2\/tags?post=1148"}],"curies":[{"name":"wp","href":"https:\/\/api.w.org\/{rel}","templated":true}]}}