{"id":1151,"date":"2024-06-28T10:41:47","date_gmt":"2024-06-28T13:41:47","guid":{"rendered":"https:\/\/elfaroonline.com.ar\/?p=1151"},"modified":"2024-06-28T10:41:47","modified_gmt":"2024-06-28T13:41:47","slug":"celebracion-del-71-aniversario-de-la-escuela-de-cadetes","status":"publish","type":"post","link":"https:\/\/elfaroonline.com.ar\/index.php\/2024\/06\/28\/celebracion-del-71-aniversario-de-la-escuela-de-cadetes\/","title":{"rendered":"Celebraci\u00f3n del 71\u00b0 Aniversario de la Escuela de Cadetes"},"content":{"rendered":"<p>&nbsp;<\/p>\n<p>Ayer se celebr\u00f3 el 71\u00b0 aniversario de la creaci\u00f3n de nuestra querida escuela \u201cTte. Gral. Juan Domingo Per\u00f3n\u201d junto al Secretario de Seguridad, los jefes de nuestra polic\u00eda, el Servicio Penitenciario Provincial, la Gendarmer\u00eda, el Ej\u00e9rcito Argentino, las escuelas de formaci\u00f3n policial de Tucum\u00e1n y La Rioja, y las familias de nuestros cadetes y aspirantes a agentes.<\/p>\n<p>Durante el acto, entregamos jinetas a nuestros mejores estudiantes y disfrutamos de una demostraci\u00f3n de destrezas, tanto de los cadetes de Tucum\u00e1n como de nuestros propios cadetes y aspirantes a agentes, quienes por primera vez nos deslumbraron en la plaza de armas.<\/p>\n","protected":false},"excerpt":{"rendered":"<p>&nbsp; Ayer se celebr\u00f3 el 71\u00b0 aniversario de la creaci\u00f3n de nuestra querida escuela \u201cTte. Gral. Juan Domingo Per\u00f3n\u201d junto al Secretario de Seguridad, los jefes de nuestra polic\u00eda, el Servicio Penitenciario Provincial, la Gendarmer\u00eda, el Ej\u00e9rcito Argentino, las escuelas de formaci\u00f3n policial de Tucum\u00e1n y La Rioja, y las familias de nuestros cadetes y [&hellip;]<\/p>\n","protected":false},"author":2,"featured_media":1152,"comment_status":"open","ping_status":"open","sticky":false,"template":"","format":"standard","meta":{"footnotes":""},"categories":[27],"tags":[],"class_list":{"0":"post-1151","1":"post","2":"type-post","3":"status-publish","4":"format-standard","5":"has-post-thumbnail","7":"category-policiales"},"aioseo_notices":[],"_links":{"self":[{"href":"https:\/\/elfaroonline.com.ar\/index.php\/wp-json\/wp\/v2\/posts\/1151","targetHints":{"allow":["GET"]}}],"collection":[{"href":"https:\/\/elfaroonline.com.ar\/index.php\/wp-json\/wp\/v2\/posts"}],"about":[{"href":"https:\/\/elfaroonline.com.ar\/index.php\/wp-json\/wp\/v2\/types\/post"}],"author":[{"embeddable":true,"href":"https:\/\/elfaroonline.com.ar\/index.php\/wp-json\/wp\/v2\/users\/2"}],"replies":[{"embeddable":true,"href":"https:\/\/elfaroonline.com.ar\/index.php\/wp-json\/wp\/v2\/comments?post=1151"}],"version-history":[{"count":1,"href":"https:\/\/elfaroonline.com.ar\/index.php\/wp-json\/wp\/v2\/posts\/1151\/revisions"}],"predecessor-version":[{"id":1153,"href":"https:\/\/elfaroonline.com.ar\/index.php\/wp-json\/wp\/v2\/posts\/1151\/revisions\/1153"}],"wp:featuredmedia":[{"embeddable":true,"href":"https:\/\/elfaroonline.com.ar\/index.php\/wp-json\/wp\/v2\/media\/1152"}],"wp:attachment":[{"href":"https:\/\/elfaroonline.com.ar\/index.php\/wp-json\/wp\/v2\/media?parent=1151"}],"wp:term":[{"taxonomy":"category","embeddable":true,"href":"https:\/\/elfaroonline.com.ar\/index.php\/wp-json\/wp\/v2\/categories?post=1151"},{"taxonomy":"post_tag","embeddable":true,"href":"https:\/\/elfaroonline.com.ar\/index.php\/wp-json\/wp\/v2\/tags?post=1151"}],"curies":[{"name":"wp","href":"https:\/\/api.w.org\/{rel}","templated":true}]}}