{"id":1160,"date":"2024-07-01T07:43:46","date_gmt":"2024-07-01T10:43:46","guid":{"rendered":"https:\/\/elfaroonline.com.ar\/?p=1160"},"modified":"2024-07-01T07:43:46","modified_gmt":"2024-07-01T10:43:46","slug":"siniestro-vial-fatal-en-fray-mamerto-esquiu","status":"publish","type":"post","link":"https:\/\/elfaroonline.com.ar\/index.php\/2024\/07\/01\/siniestro-vial-fatal-en-fray-mamerto-esquiu\/","title":{"rendered":"Siniestro vial fatal en Fray Mamerto Esqui\u00fa"},"content":{"rendered":"<p class=\"v1MsoNormal\"><span lang=\"ES\">A las <b>00:00 <\/b>de la medianoche de ayer, en la ruta provincial N\u00b01, inmediaciones al Kart\u00f3dromo de Payahuaico, Departamento Fray Mamerto Esqui\u00fa, se registr\u00f3 un siniestro vial fatal.<\/span><\/p>\n<p class=\"v1MsoNormal\"><b><span lang=\"ES\">Hern\u00e1n Maximiliano Artero (33),<\/span><\/b><span lang=\"ES\"> circulaba en un autom\u00f3vil Peugeot 405, y por causas que se investigan colision\u00f3 frontalmente con un Fiat Uno blanco, en el que viajaban cuatro personas del sexo masculino, entre ellas <b>Indalecio Zavaleta (38)<\/b> y <b>Carlos Ger\u00f3nimo Caso Filippin (44).<\/b><\/span><\/p>\n<p class=\"v1MsoNormal\"><span lang=\"ES\">Como consecuencia del siniestro, dos de los ocupantes del Fiat Uno perdieron la vida en el acto, debido a las graves lesiones sufridas y por la incineraci\u00f3n de ambos veh\u00edculos, mientras que los dos restantes lograron salir con la ayuda de ocasionales transe\u00fantes, por lo que en el lugar trabajaron efectivos de la <b>Comisar\u00eda Departamental Fray Mamerto Esqui\u00fa,<\/b> conjuntamente con Bomberos Voluntarios de Valle Viejo, profesionales m\u00e9dicos del Hospital Zonal, Peritos de la Direcci\u00f3n General de Criminal\u00edstica de la Polic\u00eda de la Provincia y Sumariantes de la Unidad Judicial N\u00b0 11, para labrar las actuaciones correspondientes, bajo las directivas de la Fiscal\u00eda de Instrucci\u00f3n en turno del Distrito Este.<\/span><\/p>\n<p class=\"v1MsoNormal\"><span lang=\"ES\">Cabe se\u00f1alar, que luego de un arduo trabajo del personal interviniente, las otras dos personas fueron\u00a0 identificadas como Pablo Yadon y \u00a0Fernando D&#8217;agostini.<\/span><\/p>\n","protected":false},"excerpt":{"rendered":"<p>A las 00:00 de la medianoche de ayer, en la ruta provincial N\u00b01, inmediaciones al Kart\u00f3dromo de Payahuaico, Departamento Fray Mamerto Esqui\u00fa, se registr\u00f3 un siniestro vial fatal. Hern\u00e1n Maximiliano Artero (33), circulaba en un autom\u00f3vil Peugeot 405, y por causas que se investigan colision\u00f3 frontalmente con un Fiat Uno blanco, en el que viajaban [&hellip;]<\/p>\n","protected":false},"author":2,"featured_media":1161,"comment_status":"open","ping_status":"open","sticky":false,"template":"","format":"standard","meta":{"footnotes":""},"categories":[23,27],"tags":[],"class_list":{"0":"post-1160","1":"post","2":"type-post","3":"status-publish","4":"format-standard","5":"has-post-thumbnail","7":"category-destacados","8":"category-policiales"},"aioseo_notices":[],"_links":{"self":[{"href":"https:\/\/elfaroonline.com.ar\/index.php\/wp-json\/wp\/v2\/posts\/1160","targetHints":{"allow":["GET"]}}],"collection":[{"href":"https:\/\/elfaroonline.com.ar\/index.php\/wp-json\/wp\/v2\/posts"}],"about":[{"href":"https:\/\/elfaroonline.com.ar\/index.php\/wp-json\/wp\/v2\/types\/post"}],"author":[{"embeddable":true,"href":"https:\/\/elfaroonline.com.ar\/index.php\/wp-json\/wp\/v2\/users\/2"}],"replies":[{"embeddable":true,"href":"https:\/\/elfaroonline.com.ar\/index.php\/wp-json\/wp\/v2\/comments?post=1160"}],"version-history":[{"count":1,"href":"https:\/\/elfaroonline.com.ar\/index.php\/wp-json\/wp\/v2\/posts\/1160\/revisions"}],"predecessor-version":[{"id":1162,"href":"https:\/\/elfaroonline.com.ar\/index.php\/wp-json\/wp\/v2\/posts\/1160\/revisions\/1162"}],"wp:featuredmedia":[{"embeddable":true,"href":"https:\/\/elfaroonline.com.ar\/index.php\/wp-json\/wp\/v2\/media\/1161"}],"wp:attachment":[{"href":"https:\/\/elfaroonline.com.ar\/index.php\/wp-json\/wp\/v2\/media?parent=1160"}],"wp:term":[{"taxonomy":"category","embeddable":true,"href":"https:\/\/elfaroonline.com.ar\/index.php\/wp-json\/wp\/v2\/categories?post=1160"},{"taxonomy":"post_tag","embeddable":true,"href":"https:\/\/elfaroonline.com.ar\/index.php\/wp-json\/wp\/v2\/tags?post=1160"}],"curies":[{"name":"wp","href":"https:\/\/api.w.org\/{rel}","templated":true}]}}