{"id":1163,"date":"2024-07-01T07:41:49","date_gmt":"2024-07-01T10:41:49","guid":{"rendered":"https:\/\/elfaroonline.com.ar\/?p=1163"},"modified":"2024-07-01T07:41:49","modified_gmt":"2024-07-01T10:41:49","slug":"programa-federal-de-formacion-jovenes-catamarquenos-se-capacitan-en-gestion-para-el-desarrollo","status":"publish","type":"post","link":"https:\/\/elfaroonline.com.ar\/index.php\/2024\/07\/01\/programa-federal-de-formacion-jovenes-catamarquenos-se-capacitan-en-gestion-para-el-desarrollo\/","title":{"rendered":"Programa Federal de Formaci\u00f3n: J\u00f3venes catamarque\u00f1os se capacitan en gesti\u00f3n para el desarrollo"},"content":{"rendered":"<div>\n<p class=\"v1MsoNormal\"><i>El Consejo Federal de Inversiones (CFI), con la colaboraci\u00f3n del Ministerio de Trabajo, Planificaci\u00f3n y Recursos Humanos, llev\u00f3 a cabo la primera Jornada de Integraci\u00f3n con j\u00f3venes catamarque\u00f1os en el marco del Programa Federal de Formaci\u00f3n &#8220;Gesti\u00f3n para el Desarrollo&#8221;.<\/i><\/p>\n<p class=\"v1MsoNormal\">Tras un exhaustivo proceso de selecci\u00f3n, 17 j\u00f3venes l\u00edderes de diferentes puntos de la provincia, como Capital, Villa Vil y Santa Mar\u00eda, entre otras localidades, visitaron las empresas El Alto SA, Bullpack Division y COTECA (TN PLATEX) para conocer de cerca los sectores productivos de la provincia. Adem\u00e1s, participaron en charlas con expertos, generando un valioso intercambio de experiencias en gesti\u00f3n de pol\u00edticas p\u00fablicas, innovaci\u00f3n y desarrollo productivo.<\/p>\n<p class=\"v1MsoNormal\">Este programa busca fortalecer las capacidades de gesti\u00f3n de l\u00edderes y funcionarios enfoc\u00e1ndose en el desarrollo sostenible en la gesti\u00f3n p\u00fablica y privada. Los participantes reciben formaci\u00f3n en \u00e1reas como planificaci\u00f3n estrat\u00e9gica, liderazgo, innovaci\u00f3n tecnol\u00f3gica, cambio clim\u00e1tico, pol\u00edticas p\u00fablicas y de desarrollo regional que potencien la inserci\u00f3n territorial.<\/p>\n<p class=\"v1MsoNormal\">El CFI, a trav\u00e9s de este programa, promueve el intercambio de buenas pr\u00e1cticas y la creaci\u00f3n de redes de colaboraci\u00f3n que potencian el impacto de los proyectos provinciales, impulsando as\u00ed el desarrollo integral del pa\u00eds.<\/p>\n<\/div>\n","protected":false},"excerpt":{"rendered":"<p>El Consejo Federal de Inversiones (CFI), con la colaboraci\u00f3n del Ministerio de Trabajo, Planificaci\u00f3n y Recursos Humanos, llev\u00f3 a cabo la primera Jornada de Integraci\u00f3n con j\u00f3venes catamarque\u00f1os en el marco del Programa Federal de Formaci\u00f3n &#8220;Gesti\u00f3n para el Desarrollo&#8221;. Tras un exhaustivo proceso de selecci\u00f3n, 17 j\u00f3venes l\u00edderes de diferentes puntos de la provincia, [&hellip;]<\/p>\n","protected":false},"author":2,"featured_media":1164,"comment_status":"open","ping_status":"open","sticky":false,"template":"","format":"standard","meta":{"footnotes":""},"categories":[23,20],"tags":[],"class_list":{"0":"post-1163","1":"post","2":"type-post","3":"status-publish","4":"format-standard","5":"has-post-thumbnail","7":"category-destacados","8":"category-sociedad"},"aioseo_notices":[],"_links":{"self":[{"href":"https:\/\/elfaroonline.com.ar\/index.php\/wp-json\/wp\/v2\/posts\/1163","targetHints":{"allow":["GET"]}}],"collection":[{"href":"https:\/\/elfaroonline.com.ar\/index.php\/wp-json\/wp\/v2\/posts"}],"about":[{"href":"https:\/\/elfaroonline.com.ar\/index.php\/wp-json\/wp\/v2\/types\/post"}],"author":[{"embeddable":true,"href":"https:\/\/elfaroonline.com.ar\/index.php\/wp-json\/wp\/v2\/users\/2"}],"replies":[{"embeddable":true,"href":"https:\/\/elfaroonline.com.ar\/index.php\/wp-json\/wp\/v2\/comments?post=1163"}],"version-history":[{"count":1,"href":"https:\/\/elfaroonline.com.ar\/index.php\/wp-json\/wp\/v2\/posts\/1163\/revisions"}],"predecessor-version":[{"id":1165,"href":"https:\/\/elfaroonline.com.ar\/index.php\/wp-json\/wp\/v2\/posts\/1163\/revisions\/1165"}],"wp:featuredmedia":[{"embeddable":true,"href":"https:\/\/elfaroonline.com.ar\/index.php\/wp-json\/wp\/v2\/media\/1164"}],"wp:attachment":[{"href":"https:\/\/elfaroonline.com.ar\/index.php\/wp-json\/wp\/v2\/media?parent=1163"}],"wp:term":[{"taxonomy":"category","embeddable":true,"href":"https:\/\/elfaroonline.com.ar\/index.php\/wp-json\/wp\/v2\/categories?post=1163"},{"taxonomy":"post_tag","embeddable":true,"href":"https:\/\/elfaroonline.com.ar\/index.php\/wp-json\/wp\/v2\/tags?post=1163"}],"curies":[{"name":"wp","href":"https:\/\/api.w.org\/{rel}","templated":true}]}}