{"id":1166,"date":"2024-07-01T07:42:38","date_gmt":"2024-07-01T10:42:38","guid":{"rendered":"https:\/\/elfaroonline.com.ar\/?p=1166"},"modified":"2024-07-01T07:42:38","modified_gmt":"2024-07-01T10:42:38","slug":"acuerdan-trabajar-en-conjunto-para-afrontar-los-recortes-nacionales-en-la-cultura","status":"publish","type":"post","link":"https:\/\/elfaroonline.com.ar\/index.php\/2024\/07\/01\/acuerdan-trabajar-en-conjunto-para-afrontar-los-recortes-nacionales-en-la-cultura\/","title":{"rendered":"Acuerdan trabajar en conjunto para afrontar los recortes nacionales en la cultura"},"content":{"rendered":"<p>Referentes de diferentes \u00e1mbitos de la cultura junto a autoridades provinciales y legislativas se reunieron el s\u00e1bado a la ma\u00f1ana en el Centro de Cultura y Trabajo Comunitario de Villa Dolores para analizar propuestas de trabajo para afrontar los recortes nacionales en la cultura, tras la reciente sanci\u00f3n de la &#8220;Ley de Bases y Puntos de Partida para la Libertad de los Argentinos&#8221;.<\/p>\n<p>&#8220;Los retrocesos que va a ocasionar La Ley Bases recientemente sancionada son grav\u00edsimos, los espacios culturales son dispositivos de identidad; por eso m\u00e1s que antes los hacedores culturales debemos unirnos y pensar en alternativas que puedan sostener las pol\u00edticas que promueven a la cultura&#8221;, sostuvieron.<\/p>\n<p>Durante el encuentro, en el que participaron la diputada nacional, Silvana Ginocchio; la secretaria de Gesti\u00f3n Cultural, Laura Maubec\u00edn, la diputada provincial Natalia Ponferrada y concejales y funcionarios municipales, se acord\u00f3 trabajar en propuestas y en actualizaciones de normativas que garanticen el desarrollo cultural y la preservaci\u00f3n del patrimonio material e inmaterial.<\/p>\n<p>&#8220;Lamentamos lo que est\u00e1 sucediendo con los espacios que un\u00edan a las provincias con Naci\u00f3n, tambi\u00e9n el cierre de Programas porque para la gesti\u00f3n eran espacios valiosos por el recurso humano calificado para tareas espec\u00edficas, importantes para dar asesoramiento en proyectos y en la gesti\u00f3n de pol\u00edticas p\u00fablicas culturales&#8221;, expres\u00f3 Maubec\u00edn.<\/p>\n","protected":false},"excerpt":{"rendered":"<p>Referentes de diferentes \u00e1mbitos de la cultura junto a autoridades provinciales y legislativas se reunieron el s\u00e1bado a la ma\u00f1ana en el Centro de Cultura y Trabajo Comunitario de Villa Dolores para analizar propuestas de trabajo para afrontar los recortes nacionales en la cultura, tras la reciente sanci\u00f3n de la &#8220;Ley de Bases y Puntos [&hellip;]<\/p>\n","protected":false},"author":2,"featured_media":1167,"comment_status":"open","ping_status":"open","sticky":false,"template":"","format":"standard","meta":{"footnotes":""},"categories":[20],"tags":[],"class_list":{"0":"post-1166","1":"post","2":"type-post","3":"status-publish","4":"format-standard","5":"has-post-thumbnail","7":"category-sociedad"},"aioseo_notices":[],"_links":{"self":[{"href":"https:\/\/elfaroonline.com.ar\/index.php\/wp-json\/wp\/v2\/posts\/1166","targetHints":{"allow":["GET"]}}],"collection":[{"href":"https:\/\/elfaroonline.com.ar\/index.php\/wp-json\/wp\/v2\/posts"}],"about":[{"href":"https:\/\/elfaroonline.com.ar\/index.php\/wp-json\/wp\/v2\/types\/post"}],"author":[{"embeddable":true,"href":"https:\/\/elfaroonline.com.ar\/index.php\/wp-json\/wp\/v2\/users\/2"}],"replies":[{"embeddable":true,"href":"https:\/\/elfaroonline.com.ar\/index.php\/wp-json\/wp\/v2\/comments?post=1166"}],"version-history":[{"count":1,"href":"https:\/\/elfaroonline.com.ar\/index.php\/wp-json\/wp\/v2\/posts\/1166\/revisions"}],"predecessor-version":[{"id":1168,"href":"https:\/\/elfaroonline.com.ar\/index.php\/wp-json\/wp\/v2\/posts\/1166\/revisions\/1168"}],"wp:featuredmedia":[{"embeddable":true,"href":"https:\/\/elfaroonline.com.ar\/index.php\/wp-json\/wp\/v2\/media\/1167"}],"wp:attachment":[{"href":"https:\/\/elfaroonline.com.ar\/index.php\/wp-json\/wp\/v2\/media?parent=1166"}],"wp:term":[{"taxonomy":"category","embeddable":true,"href":"https:\/\/elfaroonline.com.ar\/index.php\/wp-json\/wp\/v2\/categories?post=1166"},{"taxonomy":"post_tag","embeddable":true,"href":"https:\/\/elfaroonline.com.ar\/index.php\/wp-json\/wp\/v2\/tags?post=1166"}],"curies":[{"name":"wp","href":"https:\/\/api.w.org\/{rel}","templated":true}]}}