{"id":1173,"date":"2024-07-01T07:41:22","date_gmt":"2024-07-01T10:41:22","guid":{"rendered":"https:\/\/elfaroonline.com.ar\/?p=1173"},"modified":"2024-07-01T07:41:22","modified_gmt":"2024-07-01T10:41:22","slug":"nueva-empresa-de-maquinaria-vial-y-servicios-se-instalo-en-valle-viejo","status":"publish","type":"post","link":"https:\/\/elfaroonline.com.ar\/index.php\/2024\/07\/01\/nueva-empresa-de-maquinaria-vial-y-servicios-se-instalo-en-valle-viejo\/","title":{"rendered":"Nueva empresa de maquinaria vial y servicios se instal\u00f3 en Valle Viejo"},"content":{"rendered":"<p class=\"v1MsoNormal\">El gobernador Ra\u00fal Jalil particip\u00f3 en la inauguraci\u00f3n de la sucursal de la empresa &#8220;American Vial&#8221;, destacada en el rubro de maquinaria y servicios para la miner\u00eda y agroindustria, que abre las puertas laborales a decenas de catamarque\u00f1os. La empresa est\u00e1 estrat\u00e9gicamente ubicada en Avenida Circunvalaci\u00f3n, en las inmediaciones de la Ruta Nacional 33.<\/p>\n<p class=\"v1MsoNormal\">El acto de inauguraci\u00f3n cont\u00f3 con la presencia del vicegobernador Rub\u00e9n Dusso; la intendenta de Valle Viejo, Susana Zenteno; el ministro de Industria, Comercio y Empleo, Sebasti\u00e1n Caria; el ministro de Miner\u00eda, Marcelo Mur\u00faa, y el ministro de Salud, Lucas Zampieri, entre otras autoridades. Adem\u00e1s, el evento reuni\u00f3 a empresarios que expresaron su apoyo al gerente del local, el catamarque\u00f1o Bruno Vega.<\/p>\n<p class=\"v1MsoNormal\">Ra\u00fal, por su parte, brind\u00f3 un discurso en el que destac\u00f3 el constante crecimiento que experimenta la provincia en diversos sectores y mencion\u00f3 que &#8220;esta radicaci\u00f3n posibilitar\u00e1 contar con mejores -y de manera directa- servicios en sectores estrat\u00e9gicos para nosotros como lo son la obra p\u00fablica, la miner\u00eda y la agroindustria&#8221;.<\/p>\n<p class=\"v1MsoNormal\">En sus palabras, Bruno Vega expres\u00f3: &#8220;Me comprometo a seguir trabajando para que crezca la planta de empleados, para que agrandemos otra nave&#8221;. Tambi\u00e9n anhel\u00f3 que la empresa &#8220;sea para Valle Viejo un lugar de proyecci\u00f3n, que se empiece a poblar todo y que, como en toda ciudad grande, entremos y sea toda \u00e1rea industrial. Apostamos a Catamarca&#8221;.<\/p>\n<p>American Vial es una reconocida empresa nacional que durante los \u00faltimos a\u00f1os ha sido una de las principales proveedoras de maquinaria vial y servicios para miner\u00eda y agroindustria en el pa\u00eds. Ahora tiene su sede en Catamarca para aportar al desarrollo de estos sectores.<\/p>\n","protected":false},"excerpt":{"rendered":"<p>El gobernador Ra\u00fal Jalil particip\u00f3 en la inauguraci\u00f3n de la sucursal de la empresa &#8220;American Vial&#8221;, destacada en el rubro de maquinaria y servicios para la miner\u00eda y agroindustria, que abre las puertas laborales a decenas de catamarque\u00f1os. La empresa est\u00e1 estrat\u00e9gicamente ubicada en Avenida Circunvalaci\u00f3n, en las inmediaciones de la Ruta Nacional 33. El [&hellip;]<\/p>\n","protected":false},"author":2,"featured_media":1174,"comment_status":"open","ping_status":"open","sticky":false,"template":"","format":"standard","meta":{"footnotes":""},"categories":[21],"tags":[],"class_list":{"0":"post-1173","1":"post","2":"type-post","3":"status-publish","4":"format-standard","5":"has-post-thumbnail","7":"category-politica"},"aioseo_notices":[],"_links":{"self":[{"href":"https:\/\/elfaroonline.com.ar\/index.php\/wp-json\/wp\/v2\/posts\/1173","targetHints":{"allow":["GET"]}}],"collection":[{"href":"https:\/\/elfaroonline.com.ar\/index.php\/wp-json\/wp\/v2\/posts"}],"about":[{"href":"https:\/\/elfaroonline.com.ar\/index.php\/wp-json\/wp\/v2\/types\/post"}],"author":[{"embeddable":true,"href":"https:\/\/elfaroonline.com.ar\/index.php\/wp-json\/wp\/v2\/users\/2"}],"replies":[{"embeddable":true,"href":"https:\/\/elfaroonline.com.ar\/index.php\/wp-json\/wp\/v2\/comments?post=1173"}],"version-history":[{"count":1,"href":"https:\/\/elfaroonline.com.ar\/index.php\/wp-json\/wp\/v2\/posts\/1173\/revisions"}],"predecessor-version":[{"id":1175,"href":"https:\/\/elfaroonline.com.ar\/index.php\/wp-json\/wp\/v2\/posts\/1173\/revisions\/1175"}],"wp:featuredmedia":[{"embeddable":true,"href":"https:\/\/elfaroonline.com.ar\/index.php\/wp-json\/wp\/v2\/media\/1174"}],"wp:attachment":[{"href":"https:\/\/elfaroonline.com.ar\/index.php\/wp-json\/wp\/v2\/media?parent=1173"}],"wp:term":[{"taxonomy":"category","embeddable":true,"href":"https:\/\/elfaroonline.com.ar\/index.php\/wp-json\/wp\/v2\/categories?post=1173"},{"taxonomy":"post_tag","embeddable":true,"href":"https:\/\/elfaroonline.com.ar\/index.php\/wp-json\/wp\/v2\/tags?post=1173"}],"curies":[{"name":"wp","href":"https:\/\/api.w.org\/{rel}","templated":true}]}}