{"id":1180,"date":"2024-07-01T07:40:30","date_gmt":"2024-07-01T10:40:30","guid":{"rendered":"https:\/\/elfaroonline.com.ar\/?p=1180"},"modified":"2024-07-01T07:40:30","modified_gmt":"2024-07-01T10:40:30","slug":"raul-jalil-y-gustavo-saadi-inauguraron-el-asfaltado-en-banda-de-varela","status":"publish","type":"post","link":"https:\/\/elfaroonline.com.ar\/index.php\/2024\/07\/01\/raul-jalil-y-gustavo-saadi-inauguraron-el-asfaltado-en-banda-de-varela\/","title":{"rendered":"Ra\u00fal Jalil y Gustavo Saadi inauguraron el asfaltado en Banda de Varela"},"content":{"rendered":"<p class=\"v1MsoNormal\">El gobernador Ra\u00fal Jalil y el intendente de la Capital, Gustavo Saadi, dejaron inaugurado \u00a0el asfaltado en Banda de Varela y recorrieron las intervenciones que se realizan en adyacencias del Predio Ferial.<\/p>\n<p class=\"v1MsoNormal\">Acompa\u00f1aron la actividad la presidenta de la C\u00e1mara de Diputados, Paola Fedeli; el ministro de Infraestructura y Obras Civiles, Juan Marchetti; el administrador de Vialidad Provincial, Fernando Castillo, entre otras autoridades provinciales y municipales.<\/p>\n<p class=\"v1MsoNormal\">En Banda Varela, qued\u00f3 inaugurado el asfaltado en Ruta Provincial 106, que consta de 1,900 metros de largo, donde se realiz\u00f3 toda la carpeta asf\u00e1ltica nueva. Adem\u00e1s, se realizaron demarcaciones horizontales y verticales, y se coloc\u00f3 carteler\u00eda en general en el sector, mejorando la seguridad vial de la zona y cumpliendo un pedido hist\u00f3rico de los vecinos de esta zona de la Capital.<\/p>\n<p class=\"v1MsoNormal\">Posteriormente, las autoridades recorrieron las adyacencias del Predio Ferial donde se est\u00e1n llevando a cabo diversas intervenciones para garantizar mayor seguridad y comodidad a los concurrentes de la Fiesta del Poncho. Estas intervenciones incluyen mejoras en la infraestructura peatonal, facilitando el acceso y tr\u00e1nsito de los visitantes que asistir\u00e1n a uno de los eventos m\u00e1s importantes de la provincia y el pa\u00eds en la temporada de invierno que tendr\u00e1 lugar del 12 al 21 de julio.<\/p>\n","protected":false},"excerpt":{"rendered":"<p>El gobernador Ra\u00fal Jalil y el intendente de la Capital, Gustavo Saadi, dejaron inaugurado \u00a0el asfaltado en Banda de Varela y recorrieron las intervenciones que se realizan en adyacencias del Predio Ferial. Acompa\u00f1aron la actividad la presidenta de la C\u00e1mara de Diputados, Paola Fedeli; el ministro de Infraestructura y Obras Civiles, Juan Marchetti; el administrador [&hellip;]<\/p>\n","protected":false},"author":2,"featured_media":1181,"comment_status":"open","ping_status":"open","sticky":false,"template":"","format":"standard","meta":{"footnotes":""},"categories":[21],"tags":[],"class_list":{"0":"post-1180","1":"post","2":"type-post","3":"status-publish","4":"format-standard","5":"has-post-thumbnail","7":"category-politica"},"aioseo_notices":[],"_links":{"self":[{"href":"https:\/\/elfaroonline.com.ar\/index.php\/wp-json\/wp\/v2\/posts\/1180","targetHints":{"allow":["GET"]}}],"collection":[{"href":"https:\/\/elfaroonline.com.ar\/index.php\/wp-json\/wp\/v2\/posts"}],"about":[{"href":"https:\/\/elfaroonline.com.ar\/index.php\/wp-json\/wp\/v2\/types\/post"}],"author":[{"embeddable":true,"href":"https:\/\/elfaroonline.com.ar\/index.php\/wp-json\/wp\/v2\/users\/2"}],"replies":[{"embeddable":true,"href":"https:\/\/elfaroonline.com.ar\/index.php\/wp-json\/wp\/v2\/comments?post=1180"}],"version-history":[{"count":1,"href":"https:\/\/elfaroonline.com.ar\/index.php\/wp-json\/wp\/v2\/posts\/1180\/revisions"}],"predecessor-version":[{"id":1182,"href":"https:\/\/elfaroonline.com.ar\/index.php\/wp-json\/wp\/v2\/posts\/1180\/revisions\/1182"}],"wp:featuredmedia":[{"embeddable":true,"href":"https:\/\/elfaroonline.com.ar\/index.php\/wp-json\/wp\/v2\/media\/1181"}],"wp:attachment":[{"href":"https:\/\/elfaroonline.com.ar\/index.php\/wp-json\/wp\/v2\/media?parent=1180"}],"wp:term":[{"taxonomy":"category","embeddable":true,"href":"https:\/\/elfaroonline.com.ar\/index.php\/wp-json\/wp\/v2\/categories?post=1180"},{"taxonomy":"post_tag","embeddable":true,"href":"https:\/\/elfaroonline.com.ar\/index.php\/wp-json\/wp\/v2\/tags?post=1180"}],"curies":[{"name":"wp","href":"https:\/\/api.w.org\/{rel}","templated":true}]}}