{"id":1183,"date":"2024-07-01T07:40:05","date_gmt":"2024-07-01T10:40:05","guid":{"rendered":"https:\/\/elfaroonline.com.ar\/?p=1183"},"modified":"2024-07-01T07:40:05","modified_gmt":"2024-07-01T10:40:05","slug":"catamarca-y-emiratos-arabes-se-asocian-para-exploracion-minera-en-antofagasta-de-la-sierra","status":"publish","type":"post","link":"https:\/\/elfaroonline.com.ar\/index.php\/2024\/07\/01\/catamarca-y-emiratos-arabes-se-asocian-para-exploracion-minera-en-antofagasta-de-la-sierra\/","title":{"rendered":"Catamarca y Emiratos \u00c1rabes se asocian para exploraci\u00f3n minera en Antofagasta de la Sierra"},"content":{"rendered":"<p class=\"v1MsoNormal\"><i>La firma del acuerdo cont\u00f3 con la presencia del gobernador Ra\u00fal Jalil. Este nuevo proyecto minero promete una significativa inversi\u00f3n y empleo en la Puna catamarque\u00f1a.<\/i><\/p>\n<p class=\"v1MsoNormal\">Con el prop\u00f3sito de potenciar la miner\u00eda y el desarrollo energ\u00e9tico, Catamarca Minera y Energ\u00e9tica Sociedad del Estado (CAMYEN SE) y la empresa World Metals Alloys (WMA), constituida bajo las leyes de Emiratos \u00c1rabes Unidos, firmaron un acuerdo de exploraci\u00f3n con opci\u00f3n de explotaci\u00f3n de minerales en el departamento Antofagasta de la Sierra. Este nuevo proyecto minero promete una significativa inversi\u00f3n en la Puna catamarque\u00f1a.<\/p>\n<p class=\"v1MsoNormal\">La firma del acuerdo, realizada en Casa de Gobierno, cont\u00f3 con la presencia del gobernador Ra\u00fal Jalil. El acto fue encabezado por Vimal Kumar Mohanlal, director gerente de World Metals Alloys, y Susana Peralta, presidenta del directorio de CAMYEN. Tambi\u00e9n participaron el vicegobernador Rub\u00e9n Dusso; el ministro de Miner\u00eda, Marcelo Murua; y Pramod Kumar Prusty, socio de World Metals Alloys.<\/p>\n<p class=\"v1MsoNormal\">El convenio establece una colaboraci\u00f3n clave para la exploraci\u00f3n y eventual explotaci\u00f3n de la zona minera conocida como &#8220;Campo Blanco&#8221; en Antofagasta de la Sierra. Esta \u00e1rea, que abarca aproximadamente 7.500 hect\u00e1reas, es objeto de un cateo solicitado por CAMYEN e incluye los pedimentos de las minas &#8220;Campo Blanco II, III, IV, Aguas Blancas I&#8221;.<\/p>\n<p class=\"v1MsoNormal\">El acuerdo surge tras un proceso de licitaci\u00f3n p\u00fablica que culmin\u00f3 sin propuestas viables, llevando a CAMYEN a considerar a World Metals Alloys por su capacidad t\u00e9cnica y financiera, con el objetivo de atraer inversiones y empleo a la regi\u00f3n, en beneficio de la econom\u00eda local.<\/p>\n<p class=\"v1MsoNormal\">Este proyecto busca fomentar el uso sostenible de los recursos naturales, el desarrollo de la miner\u00eda local y la conservaci\u00f3n del medio ambiente, en l\u00ednea con el desarrollo social y econ\u00f3mico de la regi\u00f3n de la Puna catamarque\u00f1a.<\/p>\n","protected":false},"excerpt":{"rendered":"<p>La firma del acuerdo cont\u00f3 con la presencia del gobernador Ra\u00fal Jalil. Este nuevo proyecto minero promete una significativa inversi\u00f3n y empleo en la Puna catamarque\u00f1a. Con el prop\u00f3sito de potenciar la miner\u00eda y el desarrollo energ\u00e9tico, Catamarca Minera y Energ\u00e9tica Sociedad del Estado (CAMYEN SE) y la empresa World Metals Alloys (WMA), constituida bajo [&hellip;]<\/p>\n","protected":false},"author":2,"featured_media":1184,"comment_status":"open","ping_status":"open","sticky":false,"template":"","format":"standard","meta":{"footnotes":""},"categories":[21],"tags":[],"class_list":{"0":"post-1183","1":"post","2":"type-post","3":"status-publish","4":"format-standard","5":"has-post-thumbnail","7":"category-politica"},"aioseo_notices":[],"_links":{"self":[{"href":"https:\/\/elfaroonline.com.ar\/index.php\/wp-json\/wp\/v2\/posts\/1183","targetHints":{"allow":["GET"]}}],"collection":[{"href":"https:\/\/elfaroonline.com.ar\/index.php\/wp-json\/wp\/v2\/posts"}],"about":[{"href":"https:\/\/elfaroonline.com.ar\/index.php\/wp-json\/wp\/v2\/types\/post"}],"author":[{"embeddable":true,"href":"https:\/\/elfaroonline.com.ar\/index.php\/wp-json\/wp\/v2\/users\/2"}],"replies":[{"embeddable":true,"href":"https:\/\/elfaroonline.com.ar\/index.php\/wp-json\/wp\/v2\/comments?post=1183"}],"version-history":[{"count":1,"href":"https:\/\/elfaroonline.com.ar\/index.php\/wp-json\/wp\/v2\/posts\/1183\/revisions"}],"predecessor-version":[{"id":1185,"href":"https:\/\/elfaroonline.com.ar\/index.php\/wp-json\/wp\/v2\/posts\/1183\/revisions\/1185"}],"wp:featuredmedia":[{"embeddable":true,"href":"https:\/\/elfaroonline.com.ar\/index.php\/wp-json\/wp\/v2\/media\/1184"}],"wp:attachment":[{"href":"https:\/\/elfaroonline.com.ar\/index.php\/wp-json\/wp\/v2\/media?parent=1183"}],"wp:term":[{"taxonomy":"category","embeddable":true,"href":"https:\/\/elfaroonline.com.ar\/index.php\/wp-json\/wp\/v2\/categories?post=1183"},{"taxonomy":"post_tag","embeddable":true,"href":"https:\/\/elfaroonline.com.ar\/index.php\/wp-json\/wp\/v2\/tags?post=1183"}],"curies":[{"name":"wp","href":"https:\/\/api.w.org\/{rel}","templated":true}]}}