{"id":1198,"date":"2024-07-01T07:37:42","date_gmt":"2024-07-01T10:37:42","guid":{"rendered":"https:\/\/elfaroonline.com.ar\/?p=1198"},"modified":"2024-07-01T07:37:42","modified_gmt":"2024-07-01T10:37:42","slug":"yamandu-orsi-gano-la-interna-del-frente-amplio-y-sera-candidato-a-presidente-en-uruguay","status":"publish","type":"post","link":"https:\/\/elfaroonline.com.ar\/index.php\/2024\/07\/01\/yamandu-orsi-gano-la-interna-del-frente-amplio-y-sera-candidato-a-presidente-en-uruguay\/","title":{"rendered":"Yamand\u00fa Orsi gan\u00f3 la interna del Frente Amplio y ser\u00e1 candidato a presidente en Uruguay"},"content":{"rendered":"<p>El ex intendente de Canelones <b>Yamand\u00fa Orsi<\/b> ser\u00e1 el candidato a presidente de Uruguay por el<b> Frente Amplio <\/b>tras ganarle las elecciones a sus competidores, <b>Carolina Cosse y Andr\u00e9s Lima<\/b>. En su discurso en la sede de la coalici\u00f3n de izquierda, Orsi confirm\u00f3 que Cosse ser\u00e1 la candidata a la vicepresidenta.<\/p>\n<p>Los resultados primarios de la Corte Electoral muestran que <b>Orsi obtuvo algo m\u00e1s del 60% de los votos; Cosse, cerca del 35%; y Lima, en torno al 3%.<\/b><\/p>\n<p>Orsi habl\u00f3 sobre la hora 22 de este domingo en la sede del Frente Amplio. \u201cEs una noche de alegr\u00eda, compromiso y noticias\u201d, expres\u00f3. Orsi comunic\u00f3 que la Mesa Pol\u00edtica de la coalici\u00f3n de izquierda le propuso que Carolina Cosse sea su compa\u00f1era de f\u00f3rmula. \u201c<b>Es un honor para m\u00ed presentar a nuestra quer\u00edd\u00edsima compa\u00f1era Carolina Cosse<\/b>\u201d, expres\u00f3 y abraz\u00f3 a la intendenta de Montevideo.<\/p>\n<p class=\"paragraph\" data-mrf-recirculation=\"Links inline\">\u201c\u00a1Vamos a volver!\u201d, dijo Cosse, luego de ser presentada. \u201cHoy el Frente Amplio empez\u00f3 a volver\u201d, dijo.<\/p>\n<p class=\"paragraph\" data-mrf-recirculation=\"Links inline\">La candidatura de la intendenta de Montevideo ten\u00eda como respaldo principal al <b>Partido Comunista y al Partido Socialista<\/b>, dos de los sectores m\u00e1s radicalizados dentro del Frente Amplio.<\/p>\n<p class=\"paragraph\" data-mrf-recirculation=\"Links inline\">Entre quienes lo acompa\u00f1aban en su c\u00edrculo m\u00e1s \u00edntimo estaba el ex presidente <b>Jos\u00e9 Mujica<\/b>, uno de los principales apoyos que tuvo Orsi durante su campa\u00f1a.<\/p>\n<p class=\"paragraph\" data-mrf-recirculation=\"Links inline\">Enseguida, Orsi se traslad\u00f3 desde su comando a la sede del Frente Amplio, donde se encontr\u00f3 con Carolina Cosse y all\u00ed oficializaron la f\u00f3rmula de cara a las elecciones de octubre.<\/p>\n<p class=\"paragraph\" data-mrf-recirculation=\"Links inline\">En su discurso, Orsi llam\u00f3 a encarar los <b>problemas de seguridad, la pobreza infantil, los \u201cproblemas en la salud mental\u201d y la \u201cfalta de perspectiva para el crecimiento econ\u00f3mico\u201d<\/b>. \u201cNada de esto se arregla con promesas ni con anuncios de los anuncios de un futuro prometido. Se resuelve con mucho trabajo y con ese compromiso \u00e9tico con la verdad\u201d, se\u00f1al\u00f3.<\/p>\n<p class=\"paragraph\" data-mrf-recirculation=\"Links inline\">El candidato dijo que el Frente Amplio est\u00e1 \u201cunido\u201d, algo que garantiza el triunfo hacia octubre. Su \u201ccompromiso\u201d \u2013asegur\u00f3\u2013 es \u201cunir\u201d para ganar y gobernar. \u201cNo vamos a gobernar para un pedazo de pa\u00eds. Vamos a gobernar para todas y todos.<b>Hay que desterrar la idea de que el que gana aplasta al otro<\/b>. Propongo unir al Uruguay\u201d, se\u00f1al\u00f3.<\/p>\n<p class=\"paragraph\" data-mrf-recirculation=\"Links inline\">Orsi se comprometi\u00f3 a<b> aumentar los \u201csalarios m\u00e1s sumergidos\u201d, a \u201chacer crecer\u201d las jubilaciones m\u00e1s bajas y a integrar las regiones del pa\u00eds, de forma que ning\u00fan departamento sea \u201cla orilla\u201d o se los considere \u201ctierras de ning\u00fan provecho\u201d.<\/b><\/p>\n<p class=\"paragraph\" data-mrf-recirculation=\"Links inline\">El frenteamplista felicit\u00f3 a la militancia y celebr\u00f3 que \u201cni el m\u00e1s optimista\u201d esperaba superar la barrera de los 400.000 votos. \u201cEso se explica por la convicci\u00f3n, el alma frenteamplista, la voluntad de trabajo y de cada uno de los militantes\u201d, se\u00f1al\u00f3.<\/p>\n<p class=\"paragraph\" data-mrf-recirculation=\"Links inline\">\u201cVamos a ganar porque vamos a gobernar. Unidos vamos a gobernar en beneficio de la p\u00fablica felicidad\u201d, cerr\u00f3.<\/p>\n<p class=\"paragraph\" data-mrf-recirculation=\"Links inline\">El presidente del Frente Amplio, <b>Fernando Pereira<\/b>, destac\u00f3 que la izquierda obtuvo m\u00e1s de 400.000 en los comicios de este domingo, una cifra que les permite \u201ccomenzar a ganar\u201d las pr\u00f3ximas elecciones.<\/p>\n<p class=\"paragraph\" data-mrf-recirculation=\"Links inline\">Las elecciones internas son una instancia no obligatoria de votaci\u00f3n en la que se definen los candidatos \u00fanicos para los comicios de octubre, en los que se definir\u00e1 el pr\u00f3ximo presidente y los nuevos integrantes del Parlamento. Para triunfar en esa instancia hay que llegar al 50% de los votos, algo que parece improbable seg\u00fan las encuestas.<\/p>\n<p class=\"paragraph\" data-mrf-recirculation=\"Links inline\">Si bien Orsi era el favorito en la previa, la no obligatoriedad de la elecci\u00f3n le daba incertidumbre al resultado dado que Cosse ten\u00eda el apoyo de los sectores m\u00e1s radicalizados. La intendenta de Montevideo tuvo una gesti\u00f3n cuestionada.<\/p>\n","protected":false},"excerpt":{"rendered":"<p>El ex intendente de Canelones Yamand\u00fa Orsi ser\u00e1 el candidato a presidente de Uruguay por el Frente Amplio tras ganarle las elecciones a sus competidores, Carolina Cosse y Andr\u00e9s Lima. En su discurso en la sede de la coalici\u00f3n de izquierda, Orsi confirm\u00f3 que Cosse ser\u00e1 la candidata a la vicepresidenta. Los resultados primarios de [&hellip;]<\/p>\n","protected":false},"author":2,"featured_media":1199,"comment_status":"open","ping_status":"open","sticky":false,"template":"","format":"standard","meta":{"footnotes":""},"categories":[24],"tags":[],"class_list":{"0":"post-1198","1":"post","2":"type-post","3":"status-publish","4":"format-standard","5":"has-post-thumbnail","7":"category-mundo"},"aioseo_notices":[],"_links":{"self":[{"href":"https:\/\/elfaroonline.com.ar\/index.php\/wp-json\/wp\/v2\/posts\/1198","targetHints":{"allow":["GET"]}}],"collection":[{"href":"https:\/\/elfaroonline.com.ar\/index.php\/wp-json\/wp\/v2\/posts"}],"about":[{"href":"https:\/\/elfaroonline.com.ar\/index.php\/wp-json\/wp\/v2\/types\/post"}],"author":[{"embeddable":true,"href":"https:\/\/elfaroonline.com.ar\/index.php\/wp-json\/wp\/v2\/users\/2"}],"replies":[{"embeddable":true,"href":"https:\/\/elfaroonline.com.ar\/index.php\/wp-json\/wp\/v2\/comments?post=1198"}],"version-history":[{"count":1,"href":"https:\/\/elfaroonline.com.ar\/index.php\/wp-json\/wp\/v2\/posts\/1198\/revisions"}],"predecessor-version":[{"id":1200,"href":"https:\/\/elfaroonline.com.ar\/index.php\/wp-json\/wp\/v2\/posts\/1198\/revisions\/1200"}],"wp:featuredmedia":[{"embeddable":true,"href":"https:\/\/elfaroonline.com.ar\/index.php\/wp-json\/wp\/v2\/media\/1199"}],"wp:attachment":[{"href":"https:\/\/elfaroonline.com.ar\/index.php\/wp-json\/wp\/v2\/media?parent=1198"}],"wp:term":[{"taxonomy":"category","embeddable":true,"href":"https:\/\/elfaroonline.com.ar\/index.php\/wp-json\/wp\/v2\/categories?post=1198"},{"taxonomy":"post_tag","embeddable":true,"href":"https:\/\/elfaroonline.com.ar\/index.php\/wp-json\/wp\/v2\/tags?post=1198"}],"curies":[{"name":"wp","href":"https:\/\/api.w.org\/{rel}","templated":true}]}}