{"id":1213,"date":"2024-07-05T00:27:35","date_gmt":"2024-07-05T03:27:35","guid":{"rendered":"https:\/\/elfaroonline.com.ar\/?p=1213"},"modified":"2024-07-05T00:27:35","modified_gmt":"2024-07-05T03:27:35","slug":"narcotrafico-una-investigacion-desencadeno-allanamientos-en-catamarca-y-salta-hay-5-ciudadanos-detenidos","status":"publish","type":"post","link":"https:\/\/elfaroonline.com.ar\/index.php\/2024\/07\/05\/narcotrafico-una-investigacion-desencadeno-allanamientos-en-catamarca-y-salta-hay-5-ciudadanos-detenidos\/","title":{"rendered":"Narcotr\u00e1fico: Una investigaci\u00f3n desencaden\u00f3 allanamientos en Catamarca y Salta, hay 5 ciudadanos detenidos"},"content":{"rendered":"<p class=\"v1MsoNormal\"><i><span lang=\"ES\">Las tres primeras personas fueron interceptadas en el departamento de Valle Viejo (Catamarca) cuando viajaban en un \u00f3mnibus con destino final la provincia de Mendoza. All\u00ed se les decomis\u00f3 m\u00e1s de 5 kilos de marihuana.<\/span><\/i><\/p>\n<p class=\"v1MsoNormal\"><i><span lang=\"ES\">El Magistrado libr\u00f3 las \u00f3rdenes que se materializaron en tres inmuebles de la capital catamarque\u00f1a y dos viviendas de la ciudad de Salta.<\/span><\/i><\/p>\n<p class=\"v1MsoNormal\">Ayer finalizaron las tareas operativas judiciales dispuestas por el Juzgado Federal de Catamarca Nro 1. En las pr\u00f3ximas horas se proceder\u00e1 a efectuar el traslado de los \u00faltimos dos detenidos que fueron aprehendidos en Salta. A ra\u00edz de pesquisas llevadas adelante por los <b>gendarmes<\/b>, y al efectuarse la incautaci\u00f3n de <b>5 kilos 149 gramos de cannabis sativa <\/b>en un control sobre la Ruta Nacional N\u00b0 38, altura acceso Norte, la <b>coordinaci\u00f3n de las Unidades t\u00e9cnicas de la Fuerza posibilit\u00f3 desarticular una organizaci\u00f3n delictiva dedicada al narcotr\u00e1fico<\/b>.<\/p>\n<p class=\"v1MsoNormal\">El pasado martes efectivos del <b>Escuadr\u00f3n N\u00facleo &#8220;Catamarca&#8221; <\/b>inspeccionaron un colectivo de pasajeros que realizaba el recorrido Salta-Mendoza, durante la requisa constataron que en una valija hab\u00eda cinco paquetes tipo ladrillos con una sustancia que tras ser sometida a las pruebas de orientaci\u00f3n de campo arrojaron resultado positivo marihuana.<\/p>\n<p class=\"v1MsoNormal\">Por orientaci\u00f3n del Magistrado y la Fiscal\u00eda Federal de Catamarca, <b>tres personas fueron detenidas y la droga decomisada<\/b>. Adem\u00e1s, <b>libr\u00f3 cinco \u00f3rdenes de allanamientos a los fines de registrar tres domicilios en la provincia y dos en Salta.<\/b><\/p>\n<p class=\"v1MsoNormal\"><span lang=\"ES\">En ese marco, integrantes de la <b>Unidad de Investigaciones de Delitos Complejos y Procedimientos Judiciales &#8220;Catamarca&#8221;, <\/b>y<b> <\/b>la<b> <\/b><\/span><b>Unidad de Inteligencia Criminal &#8220;Catamarca&#8221;, <\/b>con apoyo del <b>Escuadr\u00f3n N\u00facleo <\/b>de <b>Gendarmer\u00eda Nacional <\/b>inspeccionaron domicilios de la ciudad de San Fernando del Valle de Catamarca y secuestraron tel\u00e9fonos celulares, caja de seguridad, 525.300 pesos en efectivo, tarjetas de billeteras virtuales, y dem\u00e1s elementos relevantes a las pesquisas.<\/p>\n<p class=\"v1MsoNormal\">Asimismo, personal de <b><span lang=\"ES\">Unidad de Investigaciones de Delitos Complejos y Procedimientos Judiciales &#8220;Salta&#8221; <\/span><\/b><span lang=\"ES\">detuvo a dos ciudadanos e incaut\u00f3 dispositivos m\u00f3viles y de almacenamiento de informaci\u00f3n, balanza de precisi\u00f3n, documentaci\u00f3n de inter\u00e9s a la causa.<\/span><\/p>\n","protected":false},"excerpt":{"rendered":"<p>Las tres primeras personas fueron interceptadas en el departamento de Valle Viejo (Catamarca) cuando viajaban en un \u00f3mnibus con destino final la provincia de Mendoza. All\u00ed se les decomis\u00f3 m\u00e1s de 5 kilos de marihuana. El Magistrado libr\u00f3 las \u00f3rdenes que se materializaron en tres inmuebles de la capital catamarque\u00f1a y dos viviendas de la [&hellip;]<\/p>\n","protected":false},"author":2,"featured_media":1214,"comment_status":"open","ping_status":"open","sticky":false,"template":"","format":"standard","meta":{"footnotes":""},"categories":[23,27],"tags":[],"class_list":{"0":"post-1213","1":"post","2":"type-post","3":"status-publish","4":"format-standard","5":"has-post-thumbnail","7":"category-destacados","8":"category-policiales"},"aioseo_notices":[],"_links":{"self":[{"href":"https:\/\/elfaroonline.com.ar\/index.php\/wp-json\/wp\/v2\/posts\/1213","targetHints":{"allow":["GET"]}}],"collection":[{"href":"https:\/\/elfaroonline.com.ar\/index.php\/wp-json\/wp\/v2\/posts"}],"about":[{"href":"https:\/\/elfaroonline.com.ar\/index.php\/wp-json\/wp\/v2\/types\/post"}],"author":[{"embeddable":true,"href":"https:\/\/elfaroonline.com.ar\/index.php\/wp-json\/wp\/v2\/users\/2"}],"replies":[{"embeddable":true,"href":"https:\/\/elfaroonline.com.ar\/index.php\/wp-json\/wp\/v2\/comments?post=1213"}],"version-history":[{"count":2,"href":"https:\/\/elfaroonline.com.ar\/index.php\/wp-json\/wp\/v2\/posts\/1213\/revisions"}],"predecessor-version":[{"id":1246,"href":"https:\/\/elfaroonline.com.ar\/index.php\/wp-json\/wp\/v2\/posts\/1213\/revisions\/1246"}],"wp:featuredmedia":[{"embeddable":true,"href":"https:\/\/elfaroonline.com.ar\/index.php\/wp-json\/wp\/v2\/media\/1214"}],"wp:attachment":[{"href":"https:\/\/elfaroonline.com.ar\/index.php\/wp-json\/wp\/v2\/media?parent=1213"}],"wp:term":[{"taxonomy":"category","embeddable":true,"href":"https:\/\/elfaroonline.com.ar\/index.php\/wp-json\/wp\/v2\/categories?post=1213"},{"taxonomy":"post_tag","embeddable":true,"href":"https:\/\/elfaroonline.com.ar\/index.php\/wp-json\/wp\/v2\/tags?post=1213"}],"curies":[{"name":"wp","href":"https:\/\/api.w.org\/{rel}","templated":true}]}}