{"id":1216,"date":"2024-07-05T00:27:07","date_gmt":"2024-07-05T03:27:07","guid":{"rendered":"https:\/\/elfaroonline.com.ar\/?p=1216"},"modified":"2024-07-05T00:27:07","modified_gmt":"2024-07-05T03:27:07","slug":"raul-jalil-y-la-corte-de-justicia-evaluaron-el-anteproyecto-de-la-nueva-sede-judicial","status":"publish","type":"post","link":"https:\/\/elfaroonline.com.ar\/index.php\/2024\/07\/05\/raul-jalil-y-la-corte-de-justicia-evaluaron-el-anteproyecto-de-la-nueva-sede-judicial\/","title":{"rendered":"Ra\u00fal Jalil y la Corte de Justicia evaluaron el anteproyecto de la nueva sede judicial"},"content":{"rendered":"<p class=\"v1MsoNormal\">El gobernador Ra\u00fal Jalil visit\u00f3 \u00a0la Corte de Justicia de Catamarca donde se reuni\u00f3 con la presidenta Fernanda Rosales y los ministros para analizar el anteproyecto del nuevo edificio destinado al organismo judicial.<\/p>\n<p class=\"v1MsoNormal\">Durante la presentaci\u00f3n, las arquitectas responsables del proyecto explicaron que la reubicaci\u00f3n de la Corte de Justicia busca proporcionar un espacio propio y adecuado para optimizar su labor. Esta nueva estructura se ubicar\u00e1 en el sector norte de la Capital, en un predio en las adyacencias de la Quebrada de Moreira.<\/p>\n<p class=\"v1MsoNormal\">En la reuni\u00f3n, entre otros temas, se dialog\u00f3 tambi\u00e9n sobre el trabajo en general que est\u00e1 llevando adelante la justicia en todo el territorio provincial.<\/p>\n<p class=\"v1MsoNormal\">Tambi\u00e9n estuvieron presentes en el encuentro los ministros Hern\u00e1n Martel, Miguel Figueroa Vicario y Ver\u00f3nica Salda\u00f1o. Por parte del Ejecutivo Provincial, asistieron el ministro de Gobierno, Justicia y Derechos Humanos, Fernando \u00c1vila; el asesor General de Gobierno, Nicol\u00e1s Rosales; la ministra de Seguridad, Fabiola Segura; el ministro de Infraestructura y Obras Civiles, Juan Marchetti y la Secretaria de Estado de Gabinete, Luz Mar\u00eda Soria.<\/p>\n","protected":false},"excerpt":{"rendered":"<p>El gobernador Ra\u00fal Jalil visit\u00f3 \u00a0la Corte de Justicia de Catamarca donde se reuni\u00f3 con la presidenta Fernanda Rosales y los ministros para analizar el anteproyecto del nuevo edificio destinado al organismo judicial. Durante la presentaci\u00f3n, las arquitectas responsables del proyecto explicaron que la reubicaci\u00f3n de la Corte de Justicia busca proporcionar un espacio propio [&hellip;]<\/p>\n","protected":false},"author":2,"featured_media":1217,"comment_status":"open","ping_status":"open","sticky":false,"template":"","format":"standard","meta":{"footnotes":""},"categories":[23,21],"tags":[],"class_list":{"0":"post-1216","1":"post","2":"type-post","3":"status-publish","4":"format-standard","5":"has-post-thumbnail","7":"category-destacados","8":"category-politica"},"aioseo_notices":[],"_links":{"self":[{"href":"https:\/\/elfaroonline.com.ar\/index.php\/wp-json\/wp\/v2\/posts\/1216","targetHints":{"allow":["GET"]}}],"collection":[{"href":"https:\/\/elfaroonline.com.ar\/index.php\/wp-json\/wp\/v2\/posts"}],"about":[{"href":"https:\/\/elfaroonline.com.ar\/index.php\/wp-json\/wp\/v2\/types\/post"}],"author":[{"embeddable":true,"href":"https:\/\/elfaroonline.com.ar\/index.php\/wp-json\/wp\/v2\/users\/2"}],"replies":[{"embeddable":true,"href":"https:\/\/elfaroonline.com.ar\/index.php\/wp-json\/wp\/v2\/comments?post=1216"}],"version-history":[{"count":2,"href":"https:\/\/elfaroonline.com.ar\/index.php\/wp-json\/wp\/v2\/posts\/1216\/revisions"}],"predecessor-version":[{"id":1245,"href":"https:\/\/elfaroonline.com.ar\/index.php\/wp-json\/wp\/v2\/posts\/1216\/revisions\/1245"}],"wp:featuredmedia":[{"embeddable":true,"href":"https:\/\/elfaroonline.com.ar\/index.php\/wp-json\/wp\/v2\/media\/1217"}],"wp:attachment":[{"href":"https:\/\/elfaroonline.com.ar\/index.php\/wp-json\/wp\/v2\/media?parent=1216"}],"wp:term":[{"taxonomy":"category","embeddable":true,"href":"https:\/\/elfaroonline.com.ar\/index.php\/wp-json\/wp\/v2\/categories?post=1216"},{"taxonomy":"post_tag","embeddable":true,"href":"https:\/\/elfaroonline.com.ar\/index.php\/wp-json\/wp\/v2\/tags?post=1216"}],"curies":[{"name":"wp","href":"https:\/\/api.w.org\/{rel}","templated":true}]}}