{"id":1219,"date":"2024-07-05T00:26:36","date_gmt":"2024-07-05T03:26:36","guid":{"rendered":"https:\/\/elfaroonline.com.ar\/?p=1219"},"modified":"2024-07-05T00:26:36","modified_gmt":"2024-07-05T03:26:36","slug":"el-parlasur-se-reunira-en-catamarca-y-debatira-sobre-transicion-energetica","status":"publish","type":"post","link":"https:\/\/elfaroonline.com.ar\/index.php\/2024\/07\/05\/el-parlasur-se-reunira-en-catamarca-y-debatira-sobre-transicion-energetica\/","title":{"rendered":"El Parlasur se reunir\u00e1 en Catamarca y debatir\u00e1 sobre transici\u00f3n energ\u00e9tica"},"content":{"rendered":"<p class=\"v1MsoNormal\">El pr\u00f3ximo viernes 12 de julio, Catamarca ser\u00e1 el epicentro de un nuevo encuentro de Parlamentarios del Parlasur, que se centrar\u00e1 en el Foro de Transici\u00f3n Energ\u00e9tica titulado &#8220;Oportunidades y Desaf\u00edos de la Transici\u00f3n Energ\u00e9tica para la Integraci\u00f3n Regional&#8221;. El evento reunir\u00e1 a parlamentarios y destacados invitados para debatir sobre la transici\u00f3n energ\u00e9tica y sus implicancias en la integraci\u00f3n regional.<\/p>\n<p class=\"v1MsoNormal\"><strong>\u00a0<\/strong><\/p>\n<p class=\"v1MsoNormal\">La jornada se estructurar\u00e1 en tres paneles, con la participaci\u00f3n de destacados exponentes de diferentes \u00e1mbitos e instituciones. La apertura estar\u00e1 a cargo de Susana Peralta, Parlamentaria y presidenta de Catamarca Minera y Energ\u00e9tica Sociedad del Estado (CAMYEN).<\/p>\n<p class=\"v1MsoNormal\"><strong>\u00a0<\/strong><\/p>\n<p class=\"v1MsoNormal\">El primer panel, titulado &#8220;\u00bfD\u00f3nde estamos parados y hacia d\u00f3nde vamos? Oportunidades, desaf\u00edos y estrategias en el camino hacia la transici\u00f3n energ\u00e9tica a nivel regional&#8221;, ser\u00e1 moderado por el parlamentario Franco Metaza. Contar\u00e1 con la intervenci\u00f3n de Cecilia Nicolini, diputada del Parlasur y ex secretaria de Cambio Clim\u00e1tico de la Naci\u00f3n; Mar\u00eda Eugenia Di Paola, del Programa de las Naciones Unidas para el Desarrollo (PNUD); Bettiana D\u00edaz, parlamentaria del Mercosur y diputada de la C\u00e1mara de Representantes de Uruguay y Luciano Caratori, investigador del Instituto Torcuato Di Tella y profesor en el Centro de Estudios de la Actividad Regulatoria Energ\u00e9tica (CEARE).<\/p>\n<p class=\"v1MsoNormal\"><strong>\u00a0<\/strong><\/p>\n<p class=\"v1MsoNormal\">El segundo panel, bajo el tema &#8220;Argentina en perspectiva comparada: \u00bfCu\u00e1l es el rol que puede cumplir en el camino hacia el &#8216;desarrollo verde&#8217;? Desaf\u00edos para un pa\u00eds que lo tiene todo&#8221;, ser\u00e1 moderado por el parlamentario Ra\u00fal Bittel. Participar\u00e1n Mart\u00edn Reyd\u00f3, Director Ejecutivo de Fundar; Fernanda \u00c1vila, Diputada Nacional y ex Secretaria de Miner\u00eda de la Naci\u00f3n; Andr\u00e9s Napoli, Director Ejecutivo Fundaci\u00f3n Ambiente y Recursos Naturales (FARN); Federico Pellegrino, Co-fundador del Laboratorio para la Transici\u00f3n Energ\u00e9tica; Mart\u00edn Dapelo, Miembro de la Comisi\u00f3n Directiva de la C\u00e1mara Argentina de Energ\u00edas Renovables (CADER) y Mariela Beljansky, Subsecretaria de Transici\u00f3n y Planeamiento Energ\u00e9tico de la Naci\u00f3n.<\/p>\n<p class=\"v1MsoNormal\"><strong>\u00a0<\/strong><\/p>\n<p class=\"v1MsoNormal\">El tercer panel, titulado &#8220;Recursos cr\u00edticos y pol\u00edticas de compensaci\u00f3n y mitigaci\u00f3n para el desarrollo sostenible&#8221;, ser\u00e1 moderado por la parlamentaria Alejandra M\u00e1s. En este segmento, expondr\u00e1n Marcelo Mur\u00faa, Ministro de Miner\u00eda de la Provincia de Catamarca; Patricio Lombardi, Director Ejecutivo de Environmental Markets Fairness Foundation (EMFF); Rita Mariangeles Humana, Investigadora en el CREAS-CONICET; Esteban T\u00e1lamo, de la Universidad Nacional de Catamarca (UNCA); Mariana Iribarne, Gerente de Relaciones Institucionales y Sostenibilidad de YPF Luz; por \u00faltimo, disertar\u00e1 el Lic. Ignacio Lamothe, Secretario General del Consejo Federal de Inversiones (CFI).<\/p>\n<p class=\"v1MsoNormal\"><strong>\u00a0<\/strong><\/p>\n<p class=\"v1MsoNormal\"><strong>El cierre del encuentro estar\u00e1 a cargo del gobernador Ra\u00fal Jalil. Adem\u00e1s, durante su visita a la provincia, los integrantes del Parlasur tendr\u00e1n una variada agenda de actividades que incluir\u00e1 encuentros con el gobernador Ra\u00fal Jalil, el vicegobernador Rub\u00e9n Dusso y el intendente de la Capital, Gustavo Saadi.<\/strong><\/p>\n","protected":false},"excerpt":{"rendered":"<p>El pr\u00f3ximo viernes 12 de julio, Catamarca ser\u00e1 el epicentro de un nuevo encuentro de Parlamentarios del Parlasur, que se centrar\u00e1 en el Foro de Transici\u00f3n Energ\u00e9tica titulado &#8220;Oportunidades y Desaf\u00edos de la Transici\u00f3n Energ\u00e9tica para la Integraci\u00f3n Regional&#8221;. El evento reunir\u00e1 a parlamentarios y destacados invitados para debatir sobre la transici\u00f3n energ\u00e9tica y sus [&hellip;]<\/p>\n","protected":false},"author":2,"featured_media":1221,"comment_status":"open","ping_status":"open","sticky":false,"template":"","format":"standard","meta":{"footnotes":""},"categories":[23,21],"tags":[],"class_list":{"0":"post-1219","1":"post","2":"type-post","3":"status-publish","4":"format-standard","5":"has-post-thumbnail","7":"category-destacados","8":"category-politica"},"aioseo_notices":[],"_links":{"self":[{"href":"https:\/\/elfaroonline.com.ar\/index.php\/wp-json\/wp\/v2\/posts\/1219","targetHints":{"allow":["GET"]}}],"collection":[{"href":"https:\/\/elfaroonline.com.ar\/index.php\/wp-json\/wp\/v2\/posts"}],"about":[{"href":"https:\/\/elfaroonline.com.ar\/index.php\/wp-json\/wp\/v2\/types\/post"}],"author":[{"embeddable":true,"href":"https:\/\/elfaroonline.com.ar\/index.php\/wp-json\/wp\/v2\/users\/2"}],"replies":[{"embeddable":true,"href":"https:\/\/elfaroonline.com.ar\/index.php\/wp-json\/wp\/v2\/comments?post=1219"}],"version-history":[{"count":1,"href":"https:\/\/elfaroonline.com.ar\/index.php\/wp-json\/wp\/v2\/posts\/1219\/revisions"}],"predecessor-version":[{"id":1222,"href":"https:\/\/elfaroonline.com.ar\/index.php\/wp-json\/wp\/v2\/posts\/1219\/revisions\/1222"}],"wp:featuredmedia":[{"embeddable":true,"href":"https:\/\/elfaroonline.com.ar\/index.php\/wp-json\/wp\/v2\/media\/1221"}],"wp:attachment":[{"href":"https:\/\/elfaroonline.com.ar\/index.php\/wp-json\/wp\/v2\/media?parent=1219"}],"wp:term":[{"taxonomy":"category","embeddable":true,"href":"https:\/\/elfaroonline.com.ar\/index.php\/wp-json\/wp\/v2\/categories?post=1219"},{"taxonomy":"post_tag","embeddable":true,"href":"https:\/\/elfaroonline.com.ar\/index.php\/wp-json\/wp\/v2\/tags?post=1219"}],"curies":[{"name":"wp","href":"https:\/\/api.w.org\/{rel}","templated":true}]}}