{"id":1223,"date":"2024-07-05T00:26:07","date_gmt":"2024-07-05T03:26:07","guid":{"rendered":"https:\/\/elfaroonline.com.ar\/?p=1223"},"modified":"2024-07-05T00:26:07","modified_gmt":"2024-07-05T03:26:07","slug":"camyen-e-ymad-aportaran-4-500-millones-para-obras-en-zonas-de-influencias-mineras","status":"publish","type":"post","link":"https:\/\/elfaroonline.com.ar\/index.php\/2024\/07\/05\/camyen-e-ymad-aportaran-4-500-millones-para-obras-en-zonas-de-influencias-mineras\/","title":{"rendered":"CAMYEN e YMAD aportar\u00e1n $4.500 millones para obras en zonas de influencias mineras"},"content":{"rendered":"<p class=\"v1MsoNormal\">En Casa de Gobierno, el gobernador Ra\u00fal Jalil recibi\u00f3 al presidente de YMAD, Juan Pablo Limodio, y a la presidenta de CAMYEN, Susana Peralta, quienes comunicaron que las empresas estatales mineras realizar\u00e1n aportes por $4.500 millones de pesos para obras en las zonas de influencia de los proyectos mineros.<\/p>\n<p class=\"v1MsoNormal\">Los representantes de YMAD y CAMYEN anunciaron importantes aportes para obras p\u00fablicas en los departamentos del Oeste provincial, donde se encuentran la mayor\u00eda de los proyectos mineros. YMAD, a trav\u00e9s de su directorio, aprob\u00f3 la distribuci\u00f3n de dividendos por un total de $3.000 millones destinados espec\u00edficamente a obras de infraestructura minera en la zona de influencia.<\/p>\n<p class=\"v1MsoNormal\">Por su parte, CAMYEN comunic\u00f3 que distribuir\u00e1 utilidades por un monto de $1.500 millones. Susana Peralta detall\u00f3 que las utilidades, que ser\u00e1n transferidas a la Provincia en cuotas, &#8220;es por un proyecto que tenemos en Antofagasta de la Sierra que hemos concesionado para exploraci\u00f3n y explotaci\u00f3n y otro proyecto que hemos concesionado en Tinogasta&#8221;.<\/p>\n<p class=\"v1MsoNormal\">En la reuni\u00f3n estuvieron presentes el ministro de Miner\u00eda, Marcelo Mur\u00faa; el asesor General del Gobierno, Nicol\u00e1s Rosales; y el ministro de Agua, Energ\u00eda y Medio Ambiente, Eduardo Niederle; los directores de YMAD, Fernando Jalil y \u00c1ngel Mercado, entre otras autoridades.<\/p>\n","protected":false},"excerpt":{"rendered":"<p>En Casa de Gobierno, el gobernador Ra\u00fal Jalil recibi\u00f3 al presidente de YMAD, Juan Pablo Limodio, y a la presidenta de CAMYEN, Susana Peralta, quienes comunicaron que las empresas estatales mineras realizar\u00e1n aportes por $4.500 millones de pesos para obras en las zonas de influencia de los proyectos mineros. Los representantes de YMAD y CAMYEN [&hellip;]<\/p>\n","protected":false},"author":2,"featured_media":1224,"comment_status":"open","ping_status":"open","sticky":false,"template":"","format":"standard","meta":{"footnotes":""},"categories":[21],"tags":[],"class_list":{"0":"post-1223","1":"post","2":"type-post","3":"status-publish","4":"format-standard","5":"has-post-thumbnail","7":"category-politica"},"aioseo_notices":[],"_links":{"self":[{"href":"https:\/\/elfaroonline.com.ar\/index.php\/wp-json\/wp\/v2\/posts\/1223","targetHints":{"allow":["GET"]}}],"collection":[{"href":"https:\/\/elfaroonline.com.ar\/index.php\/wp-json\/wp\/v2\/posts"}],"about":[{"href":"https:\/\/elfaroonline.com.ar\/index.php\/wp-json\/wp\/v2\/types\/post"}],"author":[{"embeddable":true,"href":"https:\/\/elfaroonline.com.ar\/index.php\/wp-json\/wp\/v2\/users\/2"}],"replies":[{"embeddable":true,"href":"https:\/\/elfaroonline.com.ar\/index.php\/wp-json\/wp\/v2\/comments?post=1223"}],"version-history":[{"count":1,"href":"https:\/\/elfaroonline.com.ar\/index.php\/wp-json\/wp\/v2\/posts\/1223\/revisions"}],"predecessor-version":[{"id":1225,"href":"https:\/\/elfaroonline.com.ar\/index.php\/wp-json\/wp\/v2\/posts\/1223\/revisions\/1225"}],"wp:featuredmedia":[{"embeddable":true,"href":"https:\/\/elfaroonline.com.ar\/index.php\/wp-json\/wp\/v2\/media\/1224"}],"wp:attachment":[{"href":"https:\/\/elfaroonline.com.ar\/index.php\/wp-json\/wp\/v2\/media?parent=1223"}],"wp:term":[{"taxonomy":"category","embeddable":true,"href":"https:\/\/elfaroonline.com.ar\/index.php\/wp-json\/wp\/v2\/categories?post=1223"},{"taxonomy":"post_tag","embeddable":true,"href":"https:\/\/elfaroonline.com.ar\/index.php\/wp-json\/wp\/v2\/tags?post=1223"}],"curies":[{"name":"wp","href":"https:\/\/api.w.org\/{rel}","templated":true}]}}