{"id":1229,"date":"2024-07-05T00:24:41","date_gmt":"2024-07-05T03:24:41","guid":{"rendered":"https:\/\/elfaroonline.com.ar\/?p=1229"},"modified":"2024-07-05T00:24:41","modified_gmt":"2024-07-05T03:24:41","slug":"aclaracion-sobre-el-receso-invernal-para-la-administracion-publica","status":"publish","type":"post","link":"https:\/\/elfaroonline.com.ar\/index.php\/2024\/07\/05\/aclaracion-sobre-el-receso-invernal-para-la-administracion-publica\/","title":{"rendered":"Aclaraci\u00f3n sobre el receso invernal para la Administraci\u00f3n P\u00fablica"},"content":{"rendered":"<p>&nbsp;<\/p>\n<p>En referencia al expediente EX-2024-1326773-CAT-SA#MTRH y al Decreto T.P. y R.H. N\u00b0 647 del 28 de junio de 2024, el Poder Ejecutivo Provincial dict\u00f3 un nuevo acto administrativo para rectificar la &#8220;Feria Invernal&#8221; en el \u00e1mbito de la Administraci\u00f3n P\u00fablica Provincial.<\/p>\n<p>En el decreto original, se mencionaba periodos de &#8220;cinco (05) d\u00edas h\u00e1biles para el receso, sin embargo, se ha identificado un error material en la redacci\u00f3n que requiere una correcci\u00f3n. Por ende, se establece que la &#8220;Feria Invernal&#8221; ser\u00e1 por un lapso de &#8220;cinco (5) d\u00edas corridos&#8221; en los siguientes per\u00edodos:<\/p>\n<p>&#8211; Del 08\/07\/24 al 12\/07\/24<br \/>\n&#8211; Del 15\/07\/24 al 19\/07\/24<\/p>\n<p>Esta rectificaci\u00f3n se realiz\u00f3 de oficio para subsanar el error material, sin modificar el objetivo principal del decreto. Se destaca que esta correcci\u00f3n no altera en lo fundamental el acto administrativo original, manteniendo la esencia de la disposici\u00f3n.<\/p>\n<p>El nuevo decreto instruye al Ministerio de Trabajo, Planificaci\u00f3n y Recursos Humanos a tomar conocimiento y proceder seg\u00fan lo establecido.<\/p>\n","protected":false},"excerpt":{"rendered":"<p>&nbsp; En referencia al expediente EX-2024-1326773-CAT-SA#MTRH y al Decreto T.P. y R.H. N\u00b0 647 del 28 de junio de 2024, el Poder Ejecutivo Provincial dict\u00f3 un nuevo acto administrativo para rectificar la &#8220;Feria Invernal&#8221; en el \u00e1mbito de la Administraci\u00f3n P\u00fablica Provincial. En el decreto original, se mencionaba periodos de &#8220;cinco (05) d\u00edas h\u00e1biles para [&hellip;]<\/p>\n","protected":false},"author":2,"featured_media":1230,"comment_status":"open","ping_status":"open","sticky":false,"template":"","format":"standard","meta":{"footnotes":""},"categories":[20],"tags":[],"class_list":{"0":"post-1229","1":"post","2":"type-post","3":"status-publish","4":"format-standard","5":"has-post-thumbnail","7":"category-sociedad"},"aioseo_notices":[],"_links":{"self":[{"href":"https:\/\/elfaroonline.com.ar\/index.php\/wp-json\/wp\/v2\/posts\/1229","targetHints":{"allow":["GET"]}}],"collection":[{"href":"https:\/\/elfaroonline.com.ar\/index.php\/wp-json\/wp\/v2\/posts"}],"about":[{"href":"https:\/\/elfaroonline.com.ar\/index.php\/wp-json\/wp\/v2\/types\/post"}],"author":[{"embeddable":true,"href":"https:\/\/elfaroonline.com.ar\/index.php\/wp-json\/wp\/v2\/users\/2"}],"replies":[{"embeddable":true,"href":"https:\/\/elfaroonline.com.ar\/index.php\/wp-json\/wp\/v2\/comments?post=1229"}],"version-history":[{"count":1,"href":"https:\/\/elfaroonline.com.ar\/index.php\/wp-json\/wp\/v2\/posts\/1229\/revisions"}],"predecessor-version":[{"id":1231,"href":"https:\/\/elfaroonline.com.ar\/index.php\/wp-json\/wp\/v2\/posts\/1229\/revisions\/1231"}],"wp:featuredmedia":[{"embeddable":true,"href":"https:\/\/elfaroonline.com.ar\/index.php\/wp-json\/wp\/v2\/media\/1230"}],"wp:attachment":[{"href":"https:\/\/elfaroonline.com.ar\/index.php\/wp-json\/wp\/v2\/media?parent=1229"}],"wp:term":[{"taxonomy":"category","embeddable":true,"href":"https:\/\/elfaroonline.com.ar\/index.php\/wp-json\/wp\/v2\/categories?post=1229"},{"taxonomy":"post_tag","embeddable":true,"href":"https:\/\/elfaroonline.com.ar\/index.php\/wp-json\/wp\/v2\/tags?post=1229"}],"curies":[{"name":"wp","href":"https:\/\/api.w.org\/{rel}","templated":true}]}}