{"id":1232,"date":"2024-07-05T00:24:05","date_gmt":"2024-07-05T03:24:05","guid":{"rendered":"https:\/\/elfaroonline.com.ar\/?p=1232"},"modified":"2024-07-05T00:24:05","modified_gmt":"2024-07-05T03:24:05","slug":"caputo-suma-a-un-ex-ceo-de-ypf-como-nuevo-viceministro-coordinara-las-areas-energeticas","status":"publish","type":"post","link":"https:\/\/elfaroonline.com.ar\/index.php\/2024\/07\/05\/caputo-suma-a-un-ex-ceo-de-ypf-como-nuevo-viceministro-coordinara-las-areas-energeticas\/","title":{"rendered":"Caputo suma a un ex CEO de YPF como nuevo viceministro: coordinar\u00e1 las \u00e1reas energ\u00e9ticas"},"content":{"rendered":"<p>El ministro de Econom\u00eda<b> Luis Caputo<\/b> designar\u00e1 al director ejecutivo de IDEA y ex CEO de YPF <b>Daniel Gonz\u00e1lez<\/b> como <b>viceministro coordinador<\/b> de las \u00e1reas de Energ\u00eda y Miner\u00eda.<\/p>\n<p class=\"paragraph\" data-mrf-recirculation=\"Links inline\">Gonz\u00e1lez, sin embargo, no ser\u00e1 el reemplazante de <b>Joaqu\u00edn Cottani<\/b>, quien dej\u00f3 el cargo de Programaci\u00f3n Econ\u00f3mica, el virtual viceministro de Econom\u00eda, semanas atr\u00e1s. En ese momento desde el Palacio de Hacienda se adelant\u00f3 que su lugar ser\u00eda ocupado por el economista chileno <b>Jos\u00e9 Luis Daza<\/b>, pero esa designaci\u00f3n est\u00e1 demorada y no son pocos los que dicen que nunca se concretar\u00e1.<\/p>\n<div class=\"inline ad-wrapper\">\n<div class=\"dfpAd ad-inline\"><\/div>\n<\/div>\n<p class=\"paragraph\" data-mrf-recirculation=\"Links inline\">\u201cGonz\u00e1lez ser\u00e1 viceministro coordinador de energ\u00eda y miner\u00eda. <b>Eduardo Rodr\u00edguez Chirillo<\/b>sigue como secretario de Energ\u00eda. Es una excelente incorporaci\u00f3n y muy complementaria a Chirillo y Lucero [por <b>Luis Lucero<\/b>, secretario de Miner\u00eda]\u201d, explicaron fuentes oficiales. Al momento de publicarse esta nota, desde el entorno de Chirillo aseguraban que no ten\u00edan detalles de la designaci\u00f3n.<\/p>\n<p data-mrf-recirculation=\"Links inline\">El ejecutivo, integrante desde hace tres a\u00f1os de la plana mayor de IDEA \u2013la organizaci\u00f3n de CEOs que organiza el tradicional Coloquio todos los a\u00f1os y que act\u00faa como entidad empresaria que elabora propuestas a todos los gobiernos en distintas \u00e1reas de la econom\u00eda\u2013 tendr\u00e1 una ascendencia particular sobre el <b>\u00e1rea de energ\u00eda y de miner\u00eda<\/b> por su trayectoria en el sector, aunque a\u00fan no se conoce en qu\u00e9 momento se har\u00e1 operativa su llegada, que fue anticipada por el portal <i>EconoJournal<\/i>.<\/p>\n<p data-mrf-recirculation=\"Links inline\">Gonz\u00e1lez es Licenciado en Administraci\u00f3n de Empresas de la Universidad Cat\u00f3lica Argentina. Ingres\u00f3 a YPF en 2012 tras la nacionalizaci\u00f3n de la compa\u00f1\u00eda y se desempe\u00f1\u00f3 en distintas posiciones. Fue durante a\u00f1os el CFO de la firma y actu\u00f3 luego como CEO interino. Antes de su paso por la petrolera, trabaj\u00f3 en el banco Merrill Lynch\/Bank of America en Buenos Aires y Nueva York.<\/p>\n","protected":false},"excerpt":{"rendered":"<p>El ministro de Econom\u00eda Luis Caputo designar\u00e1 al director ejecutivo de IDEA y ex CEO de YPF Daniel Gonz\u00e1lez como viceministro coordinador de las \u00e1reas de Energ\u00eda y Miner\u00eda. Gonz\u00e1lez, sin embargo, no ser\u00e1 el reemplazante de Joaqu\u00edn Cottani, quien dej\u00f3 el cargo de Programaci\u00f3n Econ\u00f3mica, el virtual viceministro de Econom\u00eda, semanas atr\u00e1s. En ese [&hellip;]<\/p>\n","protected":false},"author":2,"featured_media":1233,"comment_status":"open","ping_status":"open","sticky":false,"template":"","format":"standard","meta":{"footnotes":""},"categories":[22],"tags":[],"class_list":{"0":"post-1232","1":"post","2":"type-post","3":"status-publish","4":"format-standard","5":"has-post-thumbnail","7":"category-nacionales"},"aioseo_notices":[],"_links":{"self":[{"href":"https:\/\/elfaroonline.com.ar\/index.php\/wp-json\/wp\/v2\/posts\/1232","targetHints":{"allow":["GET"]}}],"collection":[{"href":"https:\/\/elfaroonline.com.ar\/index.php\/wp-json\/wp\/v2\/posts"}],"about":[{"href":"https:\/\/elfaroonline.com.ar\/index.php\/wp-json\/wp\/v2\/types\/post"}],"author":[{"embeddable":true,"href":"https:\/\/elfaroonline.com.ar\/index.php\/wp-json\/wp\/v2\/users\/2"}],"replies":[{"embeddable":true,"href":"https:\/\/elfaroonline.com.ar\/index.php\/wp-json\/wp\/v2\/comments?post=1232"}],"version-history":[{"count":1,"href":"https:\/\/elfaroonline.com.ar\/index.php\/wp-json\/wp\/v2\/posts\/1232\/revisions"}],"predecessor-version":[{"id":1234,"href":"https:\/\/elfaroonline.com.ar\/index.php\/wp-json\/wp\/v2\/posts\/1232\/revisions\/1234"}],"wp:featuredmedia":[{"embeddable":true,"href":"https:\/\/elfaroonline.com.ar\/index.php\/wp-json\/wp\/v2\/media\/1233"}],"wp:attachment":[{"href":"https:\/\/elfaroonline.com.ar\/index.php\/wp-json\/wp\/v2\/media?parent=1232"}],"wp:term":[{"taxonomy":"category","embeddable":true,"href":"https:\/\/elfaroonline.com.ar\/index.php\/wp-json\/wp\/v2\/categories?post=1232"},{"taxonomy":"post_tag","embeddable":true,"href":"https:\/\/elfaroonline.com.ar\/index.php\/wp-json\/wp\/v2\/tags?post=1232"}],"curies":[{"name":"wp","href":"https:\/\/api.w.org\/{rel}","templated":true}]}}