{"id":1237,"date":"2024-07-05T00:23:34","date_gmt":"2024-07-05T03:23:34","guid":{"rendered":"https:\/\/elfaroonline.com.ar\/?p=1237"},"modified":"2024-07-05T00:23:34","modified_gmt":"2024-07-05T03:23:34","slug":"quien-es-el-hombre-que-fue-detenido-con-un-arma-durante-el-acto-de-javier-milei-en-san-juan","status":"publish","type":"post","link":"https:\/\/elfaroonline.com.ar\/index.php\/2024\/07\/05\/quien-es-el-hombre-que-fue-detenido-con-un-arma-durante-el-acto-de-javier-milei-en-san-juan\/","title":{"rendered":"Qui\u00e9n es el hombre que fue detenido con un arma durante el acto de Javier Milei en San Juan"},"content":{"rendered":"<p>Francisco Agust\u00edn Castro, de 76 a\u00f1os, fue detenido por la Polic\u00eda a metros de la Casa de Sarmiento -donde se estaba por realizar el evento- antes del arribo del jefe de Estado.<\/p>\n<p>Seg\u00fan se presume, Castro lleg\u00f3 al lugar para atentar contra la vida del Presidente, de acuerdo a lo que le indicaron fuentes de la Secretar\u00eda de Seguridad de San Juan.<\/p>\n<p>Las fuentes agregaron que el supuesto agresor llevaba tambi\u00e9n cuchillos. Tambi\u00e9n se le secuestraron dos celulares.<\/p>\n<p>Castro fue requisado por la Polic\u00eda de San Juan a unos 150 metros de la Casa de Sarmiento, en el primer anillo de seguridad, cuando intentaba acercarse a la zona del escenario. \u201cTen\u00eda un arma apta para el disparo (NDR: una 9 mil\u00edmetros marca FM Hi Power) escondida dentro de una media, se resisti\u00f3 a que lo requisen y no se identific\u00f3\u201d, detall\u00f3 la fuente que sostuvo que <b>pudo tratarse de un intento de homicidio<\/b>.<\/p>\n<p class=\"paragraph\" data-mrf-recirculation=\"Links inline\">Sus registros comerciales indican que el hombre est\u00e1 libre de deudas y que es jubilado de PAMI.<\/p>\n<p class=\"paragraph\" data-mrf-recirculation=\"Links inline\">De acuerdo a lo publicado por <i>Diario de Cuyo,<\/i> las fuerzas de seguridad locales se comunicaron con la Agencia Nacional de Materiales Controlados (ANMAC), quienes informaron que el hombre <b>tiene vencida la portaci\u00f3n de armas desde el a\u00f1o 1999.<\/b> Adem\u00e1s, indicaron que tiene vencida la tenencia de leg\u00edtimo usuario desde el a\u00f1o 2003.<\/p>\n<p class=\"paragraph\" data-mrf-recirculation=\"Links inline\">Tras el arresto, Castro fue llevado a la Comisar\u00eda 2da y en las pr\u00f3ximas horas ser\u00e1 trasladado por Gendarmer\u00eda. Por el momento, contin\u00faa en la dependencia de la fuerza de seguridad provincial.<\/p>\n<p class=\"paragraph\" data-mrf-recirculation=\"Links inline\">La presentaci\u00f3n del jefe de Estado hab\u00eda sido anunciada para las 11 de la ma\u00f1ana, pero el inicio del acto se demor\u00f3 varios minutos y fue en ese lapso que se conoci\u00f3 la noticia de la detenci\u00f3n de una persona armada.<\/p>\n","protected":false},"excerpt":{"rendered":"<p>Francisco Agust\u00edn Castro, de 76 a\u00f1os, fue detenido por la Polic\u00eda a metros de la Casa de Sarmiento -donde se estaba por realizar el evento- antes del arribo del jefe de Estado. Seg\u00fan se presume, Castro lleg\u00f3 al lugar para atentar contra la vida del Presidente, de acuerdo a lo que le indicaron fuentes de [&hellip;]<\/p>\n","protected":false},"author":2,"featured_media":1238,"comment_status":"open","ping_status":"open","sticky":false,"template":"","format":"standard","meta":{"footnotes":""},"categories":[22,27],"tags":[],"class_list":{"0":"post-1237","1":"post","2":"type-post","3":"status-publish","4":"format-standard","5":"has-post-thumbnail","7":"category-nacionales","8":"category-policiales"},"aioseo_notices":[],"_links":{"self":[{"href":"https:\/\/elfaroonline.com.ar\/index.php\/wp-json\/wp\/v2\/posts\/1237","targetHints":{"allow":["GET"]}}],"collection":[{"href":"https:\/\/elfaroonline.com.ar\/index.php\/wp-json\/wp\/v2\/posts"}],"about":[{"href":"https:\/\/elfaroonline.com.ar\/index.php\/wp-json\/wp\/v2\/types\/post"}],"author":[{"embeddable":true,"href":"https:\/\/elfaroonline.com.ar\/index.php\/wp-json\/wp\/v2\/users\/2"}],"replies":[{"embeddable":true,"href":"https:\/\/elfaroonline.com.ar\/index.php\/wp-json\/wp\/v2\/comments?post=1237"}],"version-history":[{"count":1,"href":"https:\/\/elfaroonline.com.ar\/index.php\/wp-json\/wp\/v2\/posts\/1237\/revisions"}],"predecessor-version":[{"id":1239,"href":"https:\/\/elfaroonline.com.ar\/index.php\/wp-json\/wp\/v2\/posts\/1237\/revisions\/1239"}],"wp:featuredmedia":[{"embeddable":true,"href":"https:\/\/elfaroonline.com.ar\/index.php\/wp-json\/wp\/v2\/media\/1238"}],"wp:attachment":[{"href":"https:\/\/elfaroonline.com.ar\/index.php\/wp-json\/wp\/v2\/media?parent=1237"}],"wp:term":[{"taxonomy":"category","embeddable":true,"href":"https:\/\/elfaroonline.com.ar\/index.php\/wp-json\/wp\/v2\/categories?post=1237"},{"taxonomy":"post_tag","embeddable":true,"href":"https:\/\/elfaroonline.com.ar\/index.php\/wp-json\/wp\/v2\/tags?post=1237"}],"curies":[{"name":"wp","href":"https:\/\/api.w.org\/{rel}","templated":true}]}}