{"id":1240,"date":"2024-07-05T00:22:59","date_gmt":"2024-07-05T03:22:59","guid":{"rendered":"https:\/\/elfaroonline.com.ar\/?p=1240"},"modified":"2024-07-05T00:22:59","modified_gmt":"2024-07-05T03:22:59","slug":"el-argentino-de-motocross-corre-este-fin-de-semana-con-entrada-gratuita","status":"publish","type":"post","link":"https:\/\/elfaroonline.com.ar\/index.php\/2024\/07\/05\/el-argentino-de-motocross-corre-este-fin-de-semana-con-entrada-gratuita\/","title":{"rendered":"El Argentino de Motocross corre este fin de semana con entrada gratuita"},"content":{"rendered":"<p class=\"v1MsoNormal\">En el circuito &#8220;Campanas del Rosario&#8221; de Fray Mamerto Esqui\u00fa, se disputar\u00e1 la cuarta fecha del Campeonato Argentino de Motocross, este fin de semana desde el viernes 5 al domingo 7 de julio, con entradas gratuita, con el apoyo de la Secretar\u00eda de Deportes y Recreaci\u00f3n, dependiente del Ministerio de Cultura, Turismo y Deporte.<\/p>\n<p class=\"v1MsoNormal\">Esta competencia acercar\u00e1 al p\u00fablico catamarque\u00f1o de forma gratuita a los m\u00e1ximos exponentes nacionales y de pa\u00edses lim\u00edtrofes de la especialidad, bajo la fiscalizaci\u00f3n por la Confederaci\u00f3n Argentina de Motociclismo Deportivo (CAMOD). Adem\u00e1s, contar\u00e1 con la presencia destacada de quienes representan a la provincia: Jorge &#8220;Turbito&#8221; Herrera, Sa\u00fal Kotler, Emiliano Carabajal, Guillermina Vega Cajal, entre otros.<\/p>\n<p class=\"v1MsoNormal\">La acci\u00f3n oficial en la pista comenzar\u00e1 el s\u00e1bado por la ma\u00f1ana, desde las 10 hs, con la primera tanda de entrenamientos. A las 12 hs, iniciar\u00e1 la segunda y desde las 15 hs ser\u00e1 la clasificaci\u00f3n. El domingo la actividad arrancar\u00e1 con entrenamientos a las 8.45 hs, seguido por las primeras carreras. A continuaci\u00f3n, se desarrollar\u00e1 la \u00faltima sesi\u00f3n de entrenamientos y de carreras desde las 12 hs.<\/p>\n","protected":false},"excerpt":{"rendered":"<p>En el circuito &#8220;Campanas del Rosario&#8221; de Fray Mamerto Esqui\u00fa, se disputar\u00e1 la cuarta fecha del Campeonato Argentino de Motocross, este fin de semana desde el viernes 5 al domingo 7 de julio, con entradas gratuita, con el apoyo de la Secretar\u00eda de Deportes y Recreaci\u00f3n, dependiente del Ministerio de Cultura, Turismo y Deporte. Esta [&hellip;]<\/p>\n","protected":false},"author":2,"featured_media":1241,"comment_status":"open","ping_status":"open","sticky":false,"template":"","format":"standard","meta":{"footnotes":""},"categories":[25],"tags":[],"class_list":{"0":"post-1240","1":"post","2":"type-post","3":"status-publish","4":"format-standard","5":"has-post-thumbnail","7":"category-deportes"},"aioseo_notices":[],"_links":{"self":[{"href":"https:\/\/elfaroonline.com.ar\/index.php\/wp-json\/wp\/v2\/posts\/1240","targetHints":{"allow":["GET"]}}],"collection":[{"href":"https:\/\/elfaroonline.com.ar\/index.php\/wp-json\/wp\/v2\/posts"}],"about":[{"href":"https:\/\/elfaroonline.com.ar\/index.php\/wp-json\/wp\/v2\/types\/post"}],"author":[{"embeddable":true,"href":"https:\/\/elfaroonline.com.ar\/index.php\/wp-json\/wp\/v2\/users\/2"}],"replies":[{"embeddable":true,"href":"https:\/\/elfaroonline.com.ar\/index.php\/wp-json\/wp\/v2\/comments?post=1240"}],"version-history":[{"count":2,"href":"https:\/\/elfaroonline.com.ar\/index.php\/wp-json\/wp\/v2\/posts\/1240\/revisions"}],"predecessor-version":[{"id":1244,"href":"https:\/\/elfaroonline.com.ar\/index.php\/wp-json\/wp\/v2\/posts\/1240\/revisions\/1244"}],"wp:featuredmedia":[{"embeddable":true,"href":"https:\/\/elfaroonline.com.ar\/index.php\/wp-json\/wp\/v2\/media\/1241"}],"wp:attachment":[{"href":"https:\/\/elfaroonline.com.ar\/index.php\/wp-json\/wp\/v2\/media?parent=1240"}],"wp:term":[{"taxonomy":"category","embeddable":true,"href":"https:\/\/elfaroonline.com.ar\/index.php\/wp-json\/wp\/v2\/categories?post=1240"},{"taxonomy":"post_tag","embeddable":true,"href":"https:\/\/elfaroonline.com.ar\/index.php\/wp-json\/wp\/v2\/tags?post=1240"}],"curies":[{"name":"wp","href":"https:\/\/api.w.org\/{rel}","templated":true}]}}