{"id":1249,"date":"2024-07-05T07:52:42","date_gmt":"2024-07-05T10:52:42","guid":{"rendered":"https:\/\/elfaroonline.com.ar\/?p=1249"},"modified":"2024-07-05T07:52:42","modified_gmt":"2024-07-05T10:52:42","slug":"con-dibu-martinez-como-gran-figura-argentina-derroto-por-penales-a-ecuador-y-avanzo-a-las-semifinales-de-la-copa-america","status":"publish","type":"post","link":"https:\/\/elfaroonline.com.ar\/index.php\/2024\/07\/05\/con-dibu-martinez-como-gran-figura-argentina-derroto-por-penales-a-ecuador-y-avanzo-a-las-semifinales-de-la-copa-america\/","title":{"rendered":"Con Dibu Mart\u00ednez como gran figura, Argentina derrot\u00f3 por penales a Ecuador y avanz\u00f3 a las semifinales de la Copa Am\u00e9rica"},"content":{"rendered":"<p>El arquero del campe\u00f3n reapareci\u00f3 con dos atajadas en la tanda desde los doce pasos, sumado a las tapadas que tuvo en el primer tiempo para mantener con vida a su equipo.<\/p>\n<div class=\"body-blogging-article \">\n<p class=\"paragraph\">Si alguien no se acordaba de la jerarqu\u00eda del<b> Dibu Mart\u00ednez<\/b> en los penales, era hora de recordarla. Luego del gol de Ecuador en tiempo adicionado y el penal fallado por <b>Lionel Messi<\/b> en la tanda, <b>el arquero reapareci\u00f3 con dos atajadas<\/b> para sostener la ilusi\u00f3n de un equipo que no depende de su mejor jugador, sino que sale en defensa de \u00e9l para continuar camino de cara al ansiado bicampeonato.<\/p>\n<\/div>\n<div class=\"body-blogging-article \">\n<p class=\"paragraph\">La <i>Albiceleste <\/i>derrot\u00f3 4-2 a su rival en los tiros desde los doce pasos despu\u00e9s de igualar 1-1 en el tiempo reglamentario.<\/p>\n<div class=\"body-blogging-article \">\n<p class=\"paragraph\"><u><b>DEFINICI\u00d3N POR PENALES<\/b><\/u><\/p>\n<\/div>\n<div class=\"body-blogging-article \">\n<p class=\"paragraph\"><u><b>Argentina<\/b><\/u>: Lionel Messi (<b>FALL\u00d3<\/b>), Juli\u00e1n \u00c1lvarez (<b>GOL<\/b>), Alexis Mac Allister (<b>GOL<\/b>), Gonzalo Montiel (<b>GOL<\/b>), Nicol\u00e1s Otamendi (<b>GOL<\/b>).<\/p>\n<\/div>\n<div class=\"body-blogging-article \">\n<p class=\"paragraph\"><u><b>Ecuador<\/b><\/u>: \u00c1ngel Mena (<b>ATAJ\u00d3 DIBU<\/b>), Alan Minda (<b>ATAJ\u00d3 DIBU<\/b>), John Yeboah (<b>GOL<\/b>), Jordy Caicedo (<b>GOL<\/b>).<\/p>\n<\/div>\n<\/div>\n","protected":false},"excerpt":{"rendered":"<p>El arquero del campe\u00f3n reapareci\u00f3 con dos atajadas en la tanda desde los doce pasos, sumado a las tapadas que tuvo en el primer tiempo para mantener con vida a su equipo. Si alguien no se acordaba de la jerarqu\u00eda del Dibu Mart\u00ednez en los penales, era hora de recordarla. Luego del gol de Ecuador [&hellip;]<\/p>\n","protected":false},"author":2,"featured_media":1250,"comment_status":"open","ping_status":"open","sticky":false,"template":"","format":"standard","meta":{"footnotes":""},"categories":[25,23],"tags":[],"class_list":{"0":"post-1249","1":"post","2":"type-post","3":"status-publish","4":"format-standard","5":"has-post-thumbnail","7":"category-deportes","8":"category-destacados"},"aioseo_notices":[],"_links":{"self":[{"href":"https:\/\/elfaroonline.com.ar\/index.php\/wp-json\/wp\/v2\/posts\/1249","targetHints":{"allow":["GET"]}}],"collection":[{"href":"https:\/\/elfaroonline.com.ar\/index.php\/wp-json\/wp\/v2\/posts"}],"about":[{"href":"https:\/\/elfaroonline.com.ar\/index.php\/wp-json\/wp\/v2\/types\/post"}],"author":[{"embeddable":true,"href":"https:\/\/elfaroonline.com.ar\/index.php\/wp-json\/wp\/v2\/users\/2"}],"replies":[{"embeddable":true,"href":"https:\/\/elfaroonline.com.ar\/index.php\/wp-json\/wp\/v2\/comments?post=1249"}],"version-history":[{"count":1,"href":"https:\/\/elfaroonline.com.ar\/index.php\/wp-json\/wp\/v2\/posts\/1249\/revisions"}],"predecessor-version":[{"id":1251,"href":"https:\/\/elfaroonline.com.ar\/index.php\/wp-json\/wp\/v2\/posts\/1249\/revisions\/1251"}],"wp:featuredmedia":[{"embeddable":true,"href":"https:\/\/elfaroonline.com.ar\/index.php\/wp-json\/wp\/v2\/media\/1250"}],"wp:attachment":[{"href":"https:\/\/elfaroonline.com.ar\/index.php\/wp-json\/wp\/v2\/media?parent=1249"}],"wp:term":[{"taxonomy":"category","embeddable":true,"href":"https:\/\/elfaroonline.com.ar\/index.php\/wp-json\/wp\/v2\/categories?post=1249"},{"taxonomy":"post_tag","embeddable":true,"href":"https:\/\/elfaroonline.com.ar\/index.php\/wp-json\/wp\/v2\/tags?post=1249"}],"curies":[{"name":"wp","href":"https:\/\/api.w.org\/{rel}","templated":true}]}}