{"id":1252,"date":"2024-07-08T07:11:14","date_gmt":"2024-07-08T10:11:14","guid":{"rendered":"https:\/\/elfaroonline.com.ar\/?p=1252"},"modified":"2024-07-08T07:11:14","modified_gmt":"2024-07-08T10:11:14","slug":"certificacion-en-ingles-para-emprendedores-y-pueblos-originarios","status":"publish","type":"post","link":"https:\/\/elfaroonline.com.ar\/index.php\/2024\/07\/08\/certificacion-en-ingles-para-emprendedores-y-pueblos-originarios\/","title":{"rendered":"Certificaci\u00f3n en ingl\u00e9s para emprendedores y pueblos originarios"},"content":{"rendered":"<p class=\"v1MsoNormal\">Se entregaron los certificados de las capacitaciones de ingl\u00e9s, dictadas por el Ministerio de Trabajo, Planificaci\u00f3n y Recursos Humanos, a trav\u00e9s de su Centro de Innovaci\u00f3n y Capacitaci\u00f3n (CIC), destinadas a integrantes de comunidades originarias y emprendedores de toda la provincia.<\/p>\n<p class=\"v1MsoNormal\">Entre los objetivos alcanzados, se se\u00f1al\u00f3 que los alumnos ahora pueden brindar y comprender informaci\u00f3n b\u00e1sica en ingl\u00e9s, adem\u00e1s de incorporar vocabulario espec\u00edfico para sus oficios y actividades.<\/p>\n<p class=\"v1MsoNormal\">Cabe destacar la relevancia nacional de estas capacitaciones, ya que Catamarca es una de las pocas provincias que ofrece estas formaciones gratuitas dirigidas a emprendedores.<\/p>\n<p>Adem\u00e1s, el equipo del \u00e1rea adelant\u00f3 que se lanzar\u00e1n convocatorias para cursos en Inteligencia Artificial tanto a emprendedores como a agentes de la Administraci\u00f3n P\u00fablica, entre otras iniciativas que forman parte de la agenda de capacitaciones del Ministerio.<\/p>\n","protected":false},"excerpt":{"rendered":"<p>Se entregaron los certificados de las capacitaciones de ingl\u00e9s, dictadas por el Ministerio de Trabajo, Planificaci\u00f3n y Recursos Humanos, a trav\u00e9s de su Centro de Innovaci\u00f3n y Capacitaci\u00f3n (CIC), destinadas a integrantes de comunidades originarias y emprendedores de toda la provincia. Entre los objetivos alcanzados, se se\u00f1al\u00f3 que los alumnos ahora pueden brindar y comprender [&hellip;]<\/p>\n","protected":false},"author":2,"featured_media":1253,"comment_status":"open","ping_status":"open","sticky":false,"template":"","format":"standard","meta":{"footnotes":""},"categories":[23,20],"tags":[],"class_list":{"0":"post-1252","1":"post","2":"type-post","3":"status-publish","4":"format-standard","5":"has-post-thumbnail","7":"category-destacados","8":"category-sociedad"},"aioseo_notices":[],"_links":{"self":[{"href":"https:\/\/elfaroonline.com.ar\/index.php\/wp-json\/wp\/v2\/posts\/1252","targetHints":{"allow":["GET"]}}],"collection":[{"href":"https:\/\/elfaroonline.com.ar\/index.php\/wp-json\/wp\/v2\/posts"}],"about":[{"href":"https:\/\/elfaroonline.com.ar\/index.php\/wp-json\/wp\/v2\/types\/post"}],"author":[{"embeddable":true,"href":"https:\/\/elfaroonline.com.ar\/index.php\/wp-json\/wp\/v2\/users\/2"}],"replies":[{"embeddable":true,"href":"https:\/\/elfaroonline.com.ar\/index.php\/wp-json\/wp\/v2\/comments?post=1252"}],"version-history":[{"count":1,"href":"https:\/\/elfaroonline.com.ar\/index.php\/wp-json\/wp\/v2\/posts\/1252\/revisions"}],"predecessor-version":[{"id":1254,"href":"https:\/\/elfaroonline.com.ar\/index.php\/wp-json\/wp\/v2\/posts\/1252\/revisions\/1254"}],"wp:featuredmedia":[{"embeddable":true,"href":"https:\/\/elfaroonline.com.ar\/index.php\/wp-json\/wp\/v2\/media\/1253"}],"wp:attachment":[{"href":"https:\/\/elfaroonline.com.ar\/index.php\/wp-json\/wp\/v2\/media?parent=1252"}],"wp:term":[{"taxonomy":"category","embeddable":true,"href":"https:\/\/elfaroonline.com.ar\/index.php\/wp-json\/wp\/v2\/categories?post=1252"},{"taxonomy":"post_tag","embeddable":true,"href":"https:\/\/elfaroonline.com.ar\/index.php\/wp-json\/wp\/v2\/tags?post=1252"}],"curies":[{"name":"wp","href":"https:\/\/api.w.org\/{rel}","templated":true}]}}