{"id":1258,"date":"2024-07-08T07:11:52","date_gmt":"2024-07-08T10:11:52","guid":{"rendered":"https:\/\/elfaroonline.com.ar\/?p=1258"},"modified":"2024-07-08T07:11:52","modified_gmt":"2024-07-08T10:11:52","slug":"avanza-el-plan-integral-de-sanidad-caprina-en-la-paz","status":"publish","type":"post","link":"https:\/\/elfaroonline.com.ar\/index.php\/2024\/07\/08\/avanza-el-plan-integral-de-sanidad-caprina-en-la-paz\/","title":{"rendered":"Avanza el Plan Integral de Sanidad Caprina en La Paz"},"content":{"rendered":"<p class=\"v1MsoNormal\"><i>El Ministerio de Inclusi\u00f3n Digital y Sistemas Productivos, inicia jornadas preventivas de vacunaci\u00f3n y desparasitaci\u00f3n para prevenir y controlar las principales enfermedades caprinas, que garanticen la sanidad de 1.500 ejemplares en la regi\u00f3n.\u00a0<\/i><\/p>\n<p class=\"v1MsoNormal\">En el marco del Plan Integral de Sanidad Caprina 2024, se realiza la campa\u00f1a de vacunaci\u00f3n con el objeto de dar tratamiento a m\u00e1s de 1500 ejemplares caprinos doble prop\u00f3sito en coordinaci\u00f3n con los productores de la zona. La primera etapa inicia en La Dorada con la aplicaci\u00f3n de antiparasitarios, complejos vitam\u00ednico-minerales y distribuci\u00f3n de aerosoles para miasis (bicheras).<\/p>\n<p class=\"v1MsoNormal\">La actividad preventiva es impulsada por la Secretar\u00eda de Producci\u00f3n y Tecnolog\u00eda Agropecuaria, a cargo del Ing. Agr. Fernando Molina, con el prop\u00f3sito de proteger las condiciones sanitarias del ganado y en pos de mejorar la productividad de la cadena caprina en el \u00e1mbito de la agricultura familiar, en el departamento de La Paz.<\/p>\n<p class=\"v1MsoNormal\">La Direcci\u00f3n de Extensi\u00f3n cuenta con personal t\u00e9cnico especializado en el control de enfermedades. La cadena caprina es una actividad fundamental para muchas familias en la zona, donde las caracter\u00edsticas del suelo y del entorno hacen que la cr\u00eda de cabritos de 5 a 8 kilos para faena sea la actividad m\u00e1s productiva. &#8220;Nuestro objetivo es proporcionar soluciones efectivas y sostenibles para los peque\u00f1os productores&#8221;, afirm\u00f3 Juan Vries, director de Extinci\u00f3n Rural.<\/p>\n<p class=\"v1MsoNormal\">Esta iniciativa no solo beneficia a los productores locales, sino tambi\u00e9n contribuye a reducir el riesgo de enfermedades zoon\u00f3ticas comunes en la zona. Este compromiso del Ministerio con el sector caprino y la agricultura familiar demuestra un firme apoyo a la sostenibilidad y el bienestar de las comunidades rurales, asegurando que las familias puedan continuar con sus actividades productivas de manera segura y eficiente.<\/p>\n","protected":false},"excerpt":{"rendered":"<p>El Ministerio de Inclusi\u00f3n Digital y Sistemas Productivos, inicia jornadas preventivas de vacunaci\u00f3n y desparasitaci\u00f3n para prevenir y controlar las principales enfermedades caprinas, que garanticen la sanidad de 1.500 ejemplares en la regi\u00f3n.\u00a0 En el marco del Plan Integral de Sanidad Caprina 2024, se realiza la campa\u00f1a de vacunaci\u00f3n con el objeto de dar tratamiento [&hellip;]<\/p>\n","protected":false},"author":2,"featured_media":1259,"comment_status":"open","ping_status":"open","sticky":false,"template":"","format":"standard","meta":{"footnotes":""},"categories":[20],"tags":[],"class_list":{"0":"post-1258","1":"post","2":"type-post","3":"status-publish","4":"format-standard","5":"has-post-thumbnail","7":"category-sociedad"},"aioseo_notices":[],"_links":{"self":[{"href":"https:\/\/elfaroonline.com.ar\/index.php\/wp-json\/wp\/v2\/posts\/1258","targetHints":{"allow":["GET"]}}],"collection":[{"href":"https:\/\/elfaroonline.com.ar\/index.php\/wp-json\/wp\/v2\/posts"}],"about":[{"href":"https:\/\/elfaroonline.com.ar\/index.php\/wp-json\/wp\/v2\/types\/post"}],"author":[{"embeddable":true,"href":"https:\/\/elfaroonline.com.ar\/index.php\/wp-json\/wp\/v2\/users\/2"}],"replies":[{"embeddable":true,"href":"https:\/\/elfaroonline.com.ar\/index.php\/wp-json\/wp\/v2\/comments?post=1258"}],"version-history":[{"count":2,"href":"https:\/\/elfaroonline.com.ar\/index.php\/wp-json\/wp\/v2\/posts\/1258\/revisions"}],"predecessor-version":[{"id":1275,"href":"https:\/\/elfaroonline.com.ar\/index.php\/wp-json\/wp\/v2\/posts\/1258\/revisions\/1275"}],"wp:featuredmedia":[{"embeddable":true,"href":"https:\/\/elfaroonline.com.ar\/index.php\/wp-json\/wp\/v2\/media\/1259"}],"wp:attachment":[{"href":"https:\/\/elfaroonline.com.ar\/index.php\/wp-json\/wp\/v2\/media?parent=1258"}],"wp:term":[{"taxonomy":"category","embeddable":true,"href":"https:\/\/elfaroonline.com.ar\/index.php\/wp-json\/wp\/v2\/categories?post=1258"},{"taxonomy":"post_tag","embeddable":true,"href":"https:\/\/elfaroonline.com.ar\/index.php\/wp-json\/wp\/v2\/tags?post=1258"}],"curies":[{"name":"wp","href":"https:\/\/api.w.org\/{rel}","templated":true}]}}