{"id":1261,"date":"2024-07-08T07:12:57","date_gmt":"2024-07-08T10:12:57","guid":{"rendered":"https:\/\/elfaroonline.com.ar\/?p=1261"},"modified":"2024-07-08T07:12:57","modified_gmt":"2024-07-08T10:12:57","slug":"el-gobierno-entrego-soluciones-habitacionales-sociales-en-el-norte","status":"publish","type":"post","link":"https:\/\/elfaroonline.com.ar\/index.php\/2024\/07\/08\/el-gobierno-entrego-soluciones-habitacionales-sociales-en-el-norte\/","title":{"rendered":"El Gobierno entreg\u00f3 soluciones habitacionales sociales en el norte"},"content":{"rendered":"<p>El gobernador Ra\u00fal Jalil, junto al ministro de Vivienda y Urbanizaci\u00f3n, Fidel S\u00e1enz, particip\u00f3 del acto por el cual se entregaron viviendas y trabajos de ampliaci\u00f3n y mejoramientos en un total de 100 unidades habitacionales sociales ubicadas en el barrio Portal del Norte II.<\/p>\n<p>Concretamente, se realiz\u00f3 la entrega de 74 viviendas sociales, 23 obras de ampliaci\u00f3n y mejoramiento, y 3 ejecuci\u00f3n de m\u00f3dulos de ba\u00f1os. En esta entrega en particular, todos los beneficiarios contaban con terreno propio pero necesitan la ayuda del Estado para poder construir sus viviendas o realizar mejoras en las casas en las que habitan.<\/p>\n<p>La totalidad de las intervenciones efectuadas en ese barrio estuvieron a cargo de la Secretar\u00eda de Vivienda, que tras el correspondiente relevamiento dispuso la ejecuci\u00f3n de los diversos trabajos a materializar.<\/p>\n<p>De esta manera, el Gobierno de la provincia afianza y fortalece sus acciones en materia de viviendas, lo que representa un profundo compromiso con las pol\u00edticas habitacionales que se ejecutan en todo el territorio catamarque\u00f1o.<\/p>\n<p>El gobernador Ra\u00fal Jalil anunci\u00f3 la continuidad de la construcci\u00f3n de viviendas sociales con fondos provinciales en todo el territorio provincial, y destac\u00f3 el constante trabajo del equipo perteneciente al Ministerio de Vivienda: \u201cSolo queda pedir que cuiden estas casas, que son gratuitas y que se construyeron en terrenos de los beneficiarios. Que las disfruten mucho\u201d, expres\u00f3.<\/p>\n<p>En la oportunidad, el titular de la cartera de Vivienda, Fidel S\u00e1enz, explic\u00f3 \u201ces un d\u00eda especial porque estamos cumpliendo con nuestro compromiso que es construir nuevas historias a partir de acciones entre todos. Nuestra ciudad est\u00e1 cumpliendo 341 a\u00f1os y los \u00fanicos que no pasan desapercibidos son nuestros vecinos, nuestras calles, ya que somos un gobierno que trabaja para que nuestra ciudad sea cada vez mejor y nuestros vecinos vivan cada d\u00eda mejor\u201d.<\/p>\n<p>Acompa\u00f1aron durante el acto el secretario de la Vivienda, Daniel Zelaya; el presidente del Concejo Deliberante, Francisco Sosa; la diputada Mar\u00eda Argerich; concejales, beneficiarios de las unidades sociales, entre otros.<\/p>\n","protected":false},"excerpt":{"rendered":"<p>El gobernador Ra\u00fal Jalil, junto al ministro de Vivienda y Urbanizaci\u00f3n, Fidel S\u00e1enz, particip\u00f3 del acto por el cual se entregaron viviendas y trabajos de ampliaci\u00f3n y mejoramientos en un total de 100 unidades habitacionales sociales ubicadas en el barrio Portal del Norte II. Concretamente, se realiz\u00f3 la entrega de 74 viviendas sociales, 23 obras [&hellip;]<\/p>\n","protected":false},"author":2,"featured_media":1263,"comment_status":"open","ping_status":"open","sticky":false,"template":"","format":"standard","meta":{"footnotes":""},"categories":[21],"tags":[],"class_list":{"0":"post-1261","1":"post","2":"type-post","3":"status-publish","4":"format-standard","5":"has-post-thumbnail","7":"category-politica"},"aioseo_notices":[],"_links":{"self":[{"href":"https:\/\/elfaroonline.com.ar\/index.php\/wp-json\/wp\/v2\/posts\/1261","targetHints":{"allow":["GET"]}}],"collection":[{"href":"https:\/\/elfaroonline.com.ar\/index.php\/wp-json\/wp\/v2\/posts"}],"about":[{"href":"https:\/\/elfaroonline.com.ar\/index.php\/wp-json\/wp\/v2\/types\/post"}],"author":[{"embeddable":true,"href":"https:\/\/elfaroonline.com.ar\/index.php\/wp-json\/wp\/v2\/users\/2"}],"replies":[{"embeddable":true,"href":"https:\/\/elfaroonline.com.ar\/index.php\/wp-json\/wp\/v2\/comments?post=1261"}],"version-history":[{"count":1,"href":"https:\/\/elfaroonline.com.ar\/index.php\/wp-json\/wp\/v2\/posts\/1261\/revisions"}],"predecessor-version":[{"id":1264,"href":"https:\/\/elfaroonline.com.ar\/index.php\/wp-json\/wp\/v2\/posts\/1261\/revisions\/1264"}],"wp:featuredmedia":[{"embeddable":true,"href":"https:\/\/elfaroonline.com.ar\/index.php\/wp-json\/wp\/v2\/media\/1263"}],"wp:attachment":[{"href":"https:\/\/elfaroonline.com.ar\/index.php\/wp-json\/wp\/v2\/media?parent=1261"}],"wp:term":[{"taxonomy":"category","embeddable":true,"href":"https:\/\/elfaroonline.com.ar\/index.php\/wp-json\/wp\/v2\/categories?post=1261"},{"taxonomy":"post_tag","embeddable":true,"href":"https:\/\/elfaroonline.com.ar\/index.php\/wp-json\/wp\/v2\/tags?post=1261"}],"curies":[{"name":"wp","href":"https:\/\/api.w.org\/{rel}","templated":true}]}}