{"id":1268,"date":"2024-07-08T07:12:21","date_gmt":"2024-07-08T10:12:21","guid":{"rendered":"https:\/\/elfaroonline.com.ar\/?p=1268"},"modified":"2024-07-08T07:12:21","modified_gmt":"2024-07-08T10:12:21","slug":"se-realizo-con-exito-la-feria-del-cooperativismo-en-accion","status":"publish","type":"post","link":"https:\/\/elfaroonline.com.ar\/index.php\/2024\/07\/08\/se-realizo-con-exito-la-feria-del-cooperativismo-en-accion\/","title":{"rendered":"Se realiz\u00f3 con \u00e9xito la Feria del cooperativismo en acci\u00f3n"},"content":{"rendered":"<p>&nbsp;<\/p>\n<p>En el D\u00eda Internacional de las Cooperativas, se llev\u00f3 a cabo la Feria de \u201cCooperativas en Acci\u00f3n\u201d, con la exposici\u00f3n de 25 cooperativas de diferentes rubros y se entregaron nueve matr\u00edculas m\u00e1s.<\/p>\n<p>Bajo el lema \u201cLas cooperativas construyen un futuro mejor para todas las personas\u201d, se realiz\u00f3 el evento impulsado por el Ministerio de Gobierno, Justicia y Derechos Humanos a trav\u00e9s de la Direcci\u00f3n Provincial de Acci\u00f3n Cooperativa y Mutual de la provincia.<\/p>\n<p>De esta manera, con el objetivo de visibilizar los valores del cooperativismo, el espacio Cachalahueca reuni\u00f3 en la tarde de este s\u00e1bado a una treintena de cooperativistas que expusieron sus productos y servicios, adem\u00e1s de disponer de conversatorios, radio abierta y espect\u00e1culos art\u00edsticos en vivo.<\/p>\n<p>El evento cont\u00f3 con la presencia del ministro de Gobierno, Justicia y Derechos Humanos, Fernando \u00c1vila; legisladores, autoridades provinciales, estudiantes y docentes de cooperativismo, econom\u00eda social y mutualismo. De igual manera, unas 300 personas se acercaron a disfrutar de esta jornada.<\/p>\n<p>\u201cMe emociona mucho el trabajo que hacen los chicos y las chicas cuando trabajamos con cooperativismo, me emociona mucho la gente que pone tiempo de su vida para construir este tipo de lazos cooperativos, porque el cooperativismo de alg\u00fan modo y lo he hablado con nuestro equipo, es poner en el centro de la actividad humana la vida en relaci\u00f3n con otras personas\u201d, dijo el ministro \u00c1vila a los presentes.<\/p>\n<p>De igual manera, el director de cooperativas de la provincia, Jorge Aparicio, valoriz\u00f3 este festejo: \u201cEs importante que con los tiempos que estamos viviendo que el sector cooperativo se muestre fuerte, que se conozcan las cooperativas entre s\u00ed y puedan vincularse\u201d. Asimismo, destac\u00f3 que se entregaron nueve matr\u00edculas a emprendedores que tambi\u00e9n presentaron sus productos.<\/p>\n<p>\u201cBuscamos que est\u00e9 m\u00e1s visibilizado y que pueda llegar a todos los ciudadanos de la provincia, que consuman alg\u00fan bien o tomen alg\u00fan servicio que sea cooperativo\u201d, manifest\u00f3 el director y asegur\u00f3 que se redoblar\u00e1 la apuesta el a\u00f1o que viene con otros espacios cooperativos.<\/p>\n","protected":false},"excerpt":{"rendered":"<p>&nbsp; En el D\u00eda Internacional de las Cooperativas, se llev\u00f3 a cabo la Feria de \u201cCooperativas en Acci\u00f3n\u201d, con la exposici\u00f3n de 25 cooperativas de diferentes rubros y se entregaron nueve matr\u00edculas m\u00e1s. Bajo el lema \u201cLas cooperativas construyen un futuro mejor para todas las personas\u201d, se realiz\u00f3 el evento impulsado por el Ministerio de [&hellip;]<\/p>\n","protected":false},"author":2,"featured_media":1269,"comment_status":"open","ping_status":"open","sticky":false,"template":"","format":"standard","meta":{"footnotes":""},"categories":[23,21],"tags":[],"class_list":{"0":"post-1268","1":"post","2":"type-post","3":"status-publish","4":"format-standard","5":"has-post-thumbnail","7":"category-destacados","8":"category-politica"},"aioseo_notices":[],"_links":{"self":[{"href":"https:\/\/elfaroonline.com.ar\/index.php\/wp-json\/wp\/v2\/posts\/1268","targetHints":{"allow":["GET"]}}],"collection":[{"href":"https:\/\/elfaroonline.com.ar\/index.php\/wp-json\/wp\/v2\/posts"}],"about":[{"href":"https:\/\/elfaroonline.com.ar\/index.php\/wp-json\/wp\/v2\/types\/post"}],"author":[{"embeddable":true,"href":"https:\/\/elfaroonline.com.ar\/index.php\/wp-json\/wp\/v2\/users\/2"}],"replies":[{"embeddable":true,"href":"https:\/\/elfaroonline.com.ar\/index.php\/wp-json\/wp\/v2\/comments?post=1268"}],"version-history":[{"count":1,"href":"https:\/\/elfaroonline.com.ar\/index.php\/wp-json\/wp\/v2\/posts\/1268\/revisions"}],"predecessor-version":[{"id":1270,"href":"https:\/\/elfaroonline.com.ar\/index.php\/wp-json\/wp\/v2\/posts\/1268\/revisions\/1270"}],"wp:featuredmedia":[{"embeddable":true,"href":"https:\/\/elfaroonline.com.ar\/index.php\/wp-json\/wp\/v2\/media\/1269"}],"wp:attachment":[{"href":"https:\/\/elfaroonline.com.ar\/index.php\/wp-json\/wp\/v2\/media?parent=1268"}],"wp:term":[{"taxonomy":"category","embeddable":true,"href":"https:\/\/elfaroonline.com.ar\/index.php\/wp-json\/wp\/v2\/categories?post=1268"},{"taxonomy":"post_tag","embeddable":true,"href":"https:\/\/elfaroonline.com.ar\/index.php\/wp-json\/wp\/v2\/tags?post=1268"}],"curies":[{"name":"wp","href":"https:\/\/api.w.org\/{rel}","templated":true}]}}