{"id":1271,"date":"2024-07-08T07:09:46","date_gmt":"2024-07-08T10:09:46","guid":{"rendered":"https:\/\/elfaroonline.com.ar\/?p=1271"},"modified":"2024-07-08T07:09:46","modified_gmt":"2024-07-08T10:09:46","slug":"una-persona-fue-arrestada-en-el-marco-de-la-investigacion-por-la-muerte-de-un-hombre-en-un-motel-de-valle-viejo","status":"publish","type":"post","link":"https:\/\/elfaroonline.com.ar\/index.php\/2024\/07\/08\/una-persona-fue-arrestada-en-el-marco-de-la-investigacion-por-la-muerte-de-un-hombre-en-un-motel-de-valle-viejo\/","title":{"rendered":"Una persona fue arrestada en el marco de la investigaci\u00f3n por la muerte de un hombre en un motel de Valle Viejo"},"content":{"rendered":"<p>En el marco de la investigaci\u00f3n iniciada luego de haber tomado conocimiento de la muerte de un hombre identificado como Rub\u00e9n Ariel Maturano Olmos (40), en un motel ubicado en la ruta provincial N\u00b0 1, de la localidad de Villa Dolores, Departamento Valle Viejo, bajo las directivas de la Fiscalia de Instrucci\u00f3n en turno del Distrito Este, a cargo del Dr. Laureano Ricardo Palacios, efectivos de la Divisi\u00f3n Homicidios de la Polic\u00eda de la Provincia procedieron al arresto de un joven de 20 a\u00f1os de edad.<br \/>\nCabe se\u00f1alar que, por disposici\u00f3n de la Justicia interviniente, con conocimiento del Juzgado de Control de Garant\u00edas en turno, se materializaron allanamientos en vistas a esclarecer el hecho que fue caratulado como muerte violenta, en los cuales interviene personal de la Divisi\u00f3n Homicidios, con colaboraci\u00f3n de sus pares de las Direcciones de Operaciones Especiales Kuntur y de Criminal\u00edstica, de las Divisiones Investigaciones, Ciberdelitos e Inform\u00e1tica y Sumariantes de la Unidad Judicial N\u00ba 10.<\/p>\n","protected":false},"excerpt":{"rendered":"<p>En el marco de la investigaci\u00f3n iniciada luego de haber tomado conocimiento de la muerte de un hombre identificado como Rub\u00e9n Ariel Maturano Olmos (40), en un motel ubicado en la ruta provincial N\u00b0 1, de la localidad de Villa Dolores, Departamento Valle Viejo, bajo las directivas de la Fiscalia de Instrucci\u00f3n en turno del [&hellip;]<\/p>\n","protected":false},"author":2,"featured_media":1272,"comment_status":"open","ping_status":"open","sticky":false,"template":"","format":"standard","meta":{"footnotes":""},"categories":[27],"tags":[],"class_list":{"0":"post-1271","1":"post","2":"type-post","3":"status-publish","4":"format-standard","5":"has-post-thumbnail","7":"category-policiales"},"aioseo_notices":[],"_links":{"self":[{"href":"https:\/\/elfaroonline.com.ar\/index.php\/wp-json\/wp\/v2\/posts\/1271","targetHints":{"allow":["GET"]}}],"collection":[{"href":"https:\/\/elfaroonline.com.ar\/index.php\/wp-json\/wp\/v2\/posts"}],"about":[{"href":"https:\/\/elfaroonline.com.ar\/index.php\/wp-json\/wp\/v2\/types\/post"}],"author":[{"embeddable":true,"href":"https:\/\/elfaroonline.com.ar\/index.php\/wp-json\/wp\/v2\/users\/2"}],"replies":[{"embeddable":true,"href":"https:\/\/elfaroonline.com.ar\/index.php\/wp-json\/wp\/v2\/comments?post=1271"}],"version-history":[{"count":1,"href":"https:\/\/elfaroonline.com.ar\/index.php\/wp-json\/wp\/v2\/posts\/1271\/revisions"}],"predecessor-version":[{"id":1273,"href":"https:\/\/elfaroonline.com.ar\/index.php\/wp-json\/wp\/v2\/posts\/1271\/revisions\/1273"}],"wp:featuredmedia":[{"embeddable":true,"href":"https:\/\/elfaroonline.com.ar\/index.php\/wp-json\/wp\/v2\/media\/1272"}],"wp:attachment":[{"href":"https:\/\/elfaroonline.com.ar\/index.php\/wp-json\/wp\/v2\/media?parent=1271"}],"wp:term":[{"taxonomy":"category","embeddable":true,"href":"https:\/\/elfaroonline.com.ar\/index.php\/wp-json\/wp\/v2\/categories?post=1271"},{"taxonomy":"post_tag","embeddable":true,"href":"https:\/\/elfaroonline.com.ar\/index.php\/wp-json\/wp\/v2\/tags?post=1271"}],"curies":[{"name":"wp","href":"https:\/\/api.w.org\/{rel}","templated":true}]}}