{"id":1276,"date":"2024-07-08T07:24:21","date_gmt":"2024-07-08T10:24:21","guid":{"rendered":"https:\/\/elfaroonline.com.ar\/?p=1276"},"modified":"2024-07-08T07:24:21","modified_gmt":"2024-07-08T10:24:21","slug":"en-la-previa-de-la-firma-del-pacto-de-mayo-el-gobierno-promulgo-la-ley-bases-y-el-paquete-fiscal","status":"publish","type":"post","link":"https:\/\/elfaroonline.com.ar\/index.php\/2024\/07\/08\/en-la-previa-de-la-firma-del-pacto-de-mayo-el-gobierno-promulgo-la-ley-bases-y-el-paquete-fiscal\/","title":{"rendered":"En la previa de la firma del Pacto de Mayo, el Gobierno promulg\u00f3 la Ley Bases y el paquete fiscal"},"content":{"rendered":"<p class=\"paragraph\">A trav\u00e9s de los <b>Decretos 592 y 593<\/b>, publicados esta madrugada en el <b>Bolet\u00edn Oficial<\/b>, el Gobierno Nacional promulg\u00f3 la<b> Ley de Bases y Puntos de Partida para la Libertad de los Argentinos<\/b> y el paquete de <b>Medidas Fiscales Paliativas y Relevantes<\/b>.<\/p>\n<p class=\"paragraph\">Luego de un arduo camino en el Congreso, cargado de tensiones y negociaciones pol\u00edticas, Javier Milei logr\u00f3 obtener sus \u201cinstrumentos\u201d para llevar adelante la gesti\u00f3n a m\u00e1s de 6 meses de iniciada la misma. Tras la aprobaci\u00f3n en la C\u00e1mara de Diputados -tras los cambios en el Senado- restaba que el Poder Ejecutivo promulgue ambas normas.<br \/>\nFinalmente, este lunes, el Presidente, el jefe de Gabinete Guillermo Francos y el ministro de Econom\u00eda, Luis Caputo, firmaron los dos decretos para que las legislaciones comiencen a entrar en vigencia.<\/p>\n<p class=\"paragraph\">Lo cierto es que el grueso de los ejes de <b>ambos paquetes estar\u00edan vigentes reci\u00e9n dentro de dos meses<\/b>, seg\u00fan se\u00f1alaron fuentes de la Casa Rosada a este medio. Los libertarios quieren evitar expectativas desmedidas sobre la aplicaci\u00f3n de las normas que tratan de impulsar desde el comienzo de la gesti\u00f3n libertaria.<\/p>\n<p class=\"paragraph\">Las leyes \u201cfundacionales\u201d de Milei consisten en un conjunto de normas que introducen profundos cambios en pr\u00e1cticamente todas las \u00e1reas de la vida cotidiana: desde el pago de impuestos, con las reformas al Impuesto a las Ganancias y el de Bienes Personales, pasando por las relaciones laborales, empleo, obras p\u00fablicas y hasta el poder de decisi\u00f3n del propio Milei.<\/p>\n<div class=\"headline-wrapper\">\n<h2 class=\"header headline-class-h2\">Declaraci\u00f3n de emergencia<\/h2>\n<\/div>\n<p class=\"paragraph\">El el art\u00edculo 1\u00b0 de la Ley Bases se expresa: \u201cDecl\u00e1rase la emergencia p\u00fablica en materia administrativa, econ\u00f3mica, financiera y energ\u00e9tica por el plazo de un (1) a\u00f1o. Del\u00e9ganse en el Poder Ejecutivo nacional las facultades dispuestas por la presente ley, vinculadas a materias determinadas de administraci\u00f3n y de emergencia, en los t\u00e9rminos del art\u00edculo 76 de la Constituci\u00f3n Nacional, con arreglo a las bases aqu\u00ed establecidas y por el plazo dispuesto en el p\u00e1rrafo precedente. El Poder Ejecutivo nacional informar\u00e1 mensualmente y en forma detallada al Honorable Congreso de la Naci\u00f3n acerca del ejercicio de las facultades delegadas y los resultados obtenidos.<\/p>\n<div class=\"headline-wrapper\">\n<h2 class=\"header headline-class-h2\">Cambios en la relaci\u00f3n con el Estado<\/h2>\n<\/div>\n<p class=\"paragraph\">La Ley Bases propone un nuevo esquema en la interacci\u00f3n entre los ciudadanos y la <b>administraci\u00f3n p\u00fablica<\/b>. Seg\u00fan el texto de la legislaci\u00f3n, se busca garantizar ciertos derechos a las personas. Bajo el t\u00edtulo \u201c<b>eficiencia burocr\u00e1tica\u201d<\/b>, la administraci\u00f3n p\u00fablica no podr\u00e1 solicitar documentos o informes que ya hayan sido presentados en alg\u00fan momento, como en el tr\u00e1mite del Certificado \u00danico de Discapacidad, para lo que ya no ser\u00e1 requerido presentar una copia del DNI.<\/p>\n<p class=\"paragraph\">Adem\u00e1s, si la administraci\u00f3n p\u00fablica no responde ante una solicitud espec\u00edfica en el tiempo estipulado, se activar\u00e1 el <b>\u201csilencio administrativo\u201d<\/b>, otorg\u00e1ndose lo solicitado autom\u00e1ticamente. Esto excluye \u00e1reas sensibles como salud p\u00fablica, medio ambiente y servicios p\u00fablicos.<\/p>\n<div class=\"headline-wrapper\">\n<h2 class=\"header headline-class-h2\">Impacto en la situaci\u00f3n de los empleados p\u00fablicos<\/h2>\n<\/div>\n<p class=\"paragraph\">Los empleados de organismos del <b>Estado<\/b> sujetos a reestructuraci\u00f3n podr\u00e1n ser puestos en disponibilidad por un m\u00e1ximo de un a\u00f1o. Durante este per\u00edodo, recibir\u00e1n capacitaci\u00f3n o se les asignar\u00e1n tareas en servicios tercerizados. Si no son reasignados en este plazo, ser\u00e1n desvinculados con una indemnizaci\u00f3n basada en su mejor salario mensual y su antig\u00fcedad.<\/p>\n<p class=\"paragraph\">No ser\u00e1n afectados los empleados que sean delegados sindicales con mandato vigente o que est\u00e9n de licencia por motivos como enfermedad, accidente, embarazo o matrimonio. Una vez vencida la licencia, podr\u00edan ser puestos en disponibilidad.<\/p>\n<p class=\"paragraph\">Adem\u00e1s, se proh\u00edben durante el horario laboral actividades vinculadas a campa\u00f1as electorales y partidistas, y a partir del cumplimiento de los requisitos de jubilaci\u00f3n, los empleados podr\u00edan ser exhortados a iniciar los tr\u00e1mites previsionales.<\/p>\n<p class=\"paragraph\">Dentro de la Ley Bases se establece que el derecho a huelga no podr\u00e1 ser tomado como un elemento causal de despido, aunque s\u00ed se podr\u00e1 descontar el d\u00eda a aquellos empleados que paren.<\/p>\n<div class=\"headline-wrapper\">\n<h2 class=\"header headline-class-h2\">Relaciones laborales entre privados<\/h2>\n<\/div>\n<p class=\"paragraph\">Se introduce un <b>per\u00edodo de prueba<\/b> de seis meses para nuevos empleados, ampliable a ocho meses o un a\u00f1o dependiendo del tama\u00f1o de la empresa. Participar en bloqueos o tomas de la empresa ser\u00e1 considerado como injuria laboral grave y justificaci\u00f3n para el despido.<\/p>\n<p class=\"paragraph\">Tambi\u00e9n se plantea un <b>fondo de cese laboral<\/b>como alternativa a las indemnizaciones, financiado con un aporte mensual del empleador que no supere el 8% del salario. Se trata de un sistema similar al que utiliza la UOCRA y que, para aplicarse, deber\u00e1 ser acordado a trav\u00e9s del convenio colectivo de trabajo. Adem\u00e1s, se establecer\u00e1n indemnizaciones agravadas en casos de despido por discriminaci\u00f3n.<\/p>\n<p class=\"paragraph\">Para el caso de los trabajadores independientes o monotributistas, podr\u00e1 contratar a otros tres trabajadores independientes para llevar adelante un emprendimiento productivo.<\/p>\n<div class=\"headline-wrapper\">\n<h2 class=\"header headline-class-h2\">Obras P\u00fablicas<\/h2>\n<\/div>\n<p class=\"paragraph\">Las obras p\u00fablicas financiadas por el Estado que superen los $10.000 millones ser\u00e1n canceladas salvo aquellas con avance de ejecuci\u00f3n del 80% o m\u00e1s, o que posean financiamiento internacional, afectando infraestructuras como rutas, hospitales y escuelas.<\/p>\n<div class=\"headline-wrapper\"><\/div>\n<div class=\"headline-wrapper\"><\/div>\n<p class=\"paragraph\">\n<div class=\"headline-wrapper\"><\/div>\n<div class=\"headline-wrapper\">\n<h2 class=\"header headline-class-h2\">Monotributo<\/h2>\n<\/div>\n<p class=\"paragraph\">En cuanto a los <b>monotributistas<\/b>, sus escalas y montos de facturaci\u00f3n se incrementar\u00e1n hasta un 400% desde julio. Las cuotas a pagar subir\u00e1n en la misma proporci\u00f3n, actualiz\u00e1ndose semestralmente seg\u00fan el \u00edndice de precios al consumidor. As\u00ed, la categor\u00eda m\u00e1s baja (A) podr\u00e1 facturar hasta $6.450.000 anuales -actualmente era de $2,1 millones-, y el monto m\u00e1ximo de facturaci\u00f3n para la categor\u00eda m\u00e1s alta (K) ser\u00e1 de $68 millones.<\/p>\n<p class=\"paragraph\">Por otro lado, se establece un aumento en los importes que pagan mensualmente los monotributistas en concepto del impuesto integrado y de los aportes al r\u00e9gimen jubilatorio y a la obra social. Sumando todos los par\u00e1metros, las cuotas a pagar van desde <b>$26.600 (categor\u00eda A) hasta $280.734 (categor\u00eda H).<\/b> Hasta ahora, los montos iban de<b> $12.128 a $66.111<\/b>.<\/p>\n<div class=\"headline-wrapper\">\n<h2 class=\"header headline-class-h2\">Blanqueo de capitales<\/h2>\n<\/div>\n<p class=\"paragraph\">El nuevo r\u00e9gimen de regularizaci\u00f3n de bienes y activos no declarados estar\u00e1 vigente hasta el 30 de abril de 2025, con una posible pr\u00f3rroga hasta el 31 de julio del mismo a\u00f1o. Este r\u00e9gimen permitir\u00e1 a las personas que posean capitales fuera del control del Estado adherirse al blanqueo de sus activos.<\/p>\n<p class=\"paragraph\">Para aquellos que deseen regularizar montos inferiores a <b>US$100.000<\/b>, podr\u00e1n hacerlo sin pagar impuestos siempre que ingresen el dinero en el sistema financiero argentino y no lo retiren hasta el 31 de diciembre de 2025, o lo destinen a ciertos tipos de inversiones espec\u00edficas.<\/p>\n<p class=\"paragraph\">En el caso de montos superiores a <b>US$100.000<\/b>, se aplicar\u00e1n diversas tasas impositivas seg\u00fan el per\u00edodo en que se efect\u00fae el blanqueo. La primera etapa, hasta el 30 de septiembre de 2024, tendr\u00e1 una tasa del 5%; la segunda etapa, de octubre a diciembre de 2024, aplicar\u00e1 una tasa del 10%; y la tercera etapa, de enero a marzo de 2025, impondr\u00e1 una tasa del 15%.<\/p>\n<p class=\"paragraph\">Las personas que opten por este blanqueo tambi\u00e9n ver\u00e1n un incremento del 20% en la al\u00edcuota del impuesto a los Bienes Personales, pasando del 0,5% al 0,6%. Adem\u00e1s, los participantes en este r\u00e9gimen no podr\u00e1n adherirse a blanqueos similares futuros hasta el 31 de diciembre de 2038.<\/p>\n<p class=\"paragraph\">Este r\u00e9gimen de regularizaci\u00f3n excluye a los <b>funcionarios p\u00fablicos<\/b> de los \u00faltimos diez a\u00f1os, as\u00ed como a su n\u00facleo familiar directo, incluyendo hermanos, c\u00f3nyuges, convivientes, padres e hijos.<\/p>\n","protected":false},"excerpt":{"rendered":"<p>A trav\u00e9s de los Decretos 592 y 593, publicados esta madrugada en el Bolet\u00edn Oficial, el Gobierno Nacional promulg\u00f3 la Ley de Bases y Puntos de Partida para la Libertad de los Argentinos y el paquete de Medidas Fiscales Paliativas y Relevantes. Luego de un arduo camino en el Congreso, cargado de tensiones y negociaciones [&hellip;]<\/p>\n","protected":false},"author":2,"featured_media":1277,"comment_status":"open","ping_status":"open","sticky":false,"template":"","format":"standard","meta":{"footnotes":""},"categories":[22,21],"tags":[],"class_list":{"0":"post-1276","1":"post","2":"type-post","3":"status-publish","4":"format-standard","5":"has-post-thumbnail","7":"category-nacionales","8":"category-politica"},"aioseo_notices":[],"_links":{"self":[{"href":"https:\/\/elfaroonline.com.ar\/index.php\/wp-json\/wp\/v2\/posts\/1276","targetHints":{"allow":["GET"]}}],"collection":[{"href":"https:\/\/elfaroonline.com.ar\/index.php\/wp-json\/wp\/v2\/posts"}],"about":[{"href":"https:\/\/elfaroonline.com.ar\/index.php\/wp-json\/wp\/v2\/types\/post"}],"author":[{"embeddable":true,"href":"https:\/\/elfaroonline.com.ar\/index.php\/wp-json\/wp\/v2\/users\/2"}],"replies":[{"embeddable":true,"href":"https:\/\/elfaroonline.com.ar\/index.php\/wp-json\/wp\/v2\/comments?post=1276"}],"version-history":[{"count":1,"href":"https:\/\/elfaroonline.com.ar\/index.php\/wp-json\/wp\/v2\/posts\/1276\/revisions"}],"predecessor-version":[{"id":1278,"href":"https:\/\/elfaroonline.com.ar\/index.php\/wp-json\/wp\/v2\/posts\/1276\/revisions\/1278"}],"wp:featuredmedia":[{"embeddable":true,"href":"https:\/\/elfaroonline.com.ar\/index.php\/wp-json\/wp\/v2\/media\/1277"}],"wp:attachment":[{"href":"https:\/\/elfaroonline.com.ar\/index.php\/wp-json\/wp\/v2\/media?parent=1276"}],"wp:term":[{"taxonomy":"category","embeddable":true,"href":"https:\/\/elfaroonline.com.ar\/index.php\/wp-json\/wp\/v2\/categories?post=1276"},{"taxonomy":"post_tag","embeddable":true,"href":"https:\/\/elfaroonline.com.ar\/index.php\/wp-json\/wp\/v2\/tags?post=1276"}],"curies":[{"name":"wp","href":"https:\/\/api.w.org\/{rel}","templated":true}]}}