{"id":1279,"date":"2024-07-08T07:28:09","date_gmt":"2024-07-08T10:28:09","guid":{"rendered":"https:\/\/elfaroonline.com.ar\/?p=1279"},"modified":"2024-07-08T07:28:09","modified_gmt":"2024-07-08T10:28:09","slug":"el-todos-contra-la-ultraderecha-funciona-en-francia-la-izquierda-gana-las-elecciones-pero-sin-mayoria-para-gobernar","status":"publish","type":"post","link":"https:\/\/elfaroonline.com.ar\/index.php\/2024\/07\/08\/el-todos-contra-la-ultraderecha-funciona-en-francia-la-izquierda-gana-las-elecciones-pero-sin-mayoria-para-gobernar\/","title":{"rendered":"El \u2018todos contra la ultraderecha\u2019 funciona en Francia: la izquierda gana las elecciones, pero sin mayor\u00eda para gobernar"},"content":{"rendered":"<p>La coalici\u00f3n de izquierdas ha superado a la formaci\u00f3n de extrema derecha Agrupaci\u00f3n Nacional, que asegura que su victoria \u201csolo se ha retrasado\u201d.<\/p>\n<p>La \u00a0uni\u00f3n de las fuerzas de izquierda ha conseguido la mayor\u00eda en la Asamblea Nacional y supera en hasta cuarenta asientos al partido de extrema derecha Agrupaci\u00f3n Nacional. Los resultados dan una segunda posici\u00f3n a <i>Ensemble<\/i>, coalici\u00f3n de la que forma parte <i>Renaissance<\/i>, formaci\u00f3n del presidente Emmanuel Macron. Seg\u00fan las estimaciones del instituto Ipsos, NFP podr\u00eda obtener<b> entre 172 y 192 esca\u00f1os<\/b>, frente a los 132-152 asientos de Agrupaci\u00f3n Nacional y los 150-170 esca\u00f1os de <i>Ensemble<\/i>.<\/p>\n<div class=\"headline-wrapper\">\n<h2 class=\"header headline-class-h2\">La \u201calianza del deshonor\u201d que fren\u00f3 la crecida de la ultraderecha<\/h2>\n<\/div>\n<div id=\"addoor-widget-3187\" class=\"addoor-widget\"><\/div>\n<p class=\"paragraph\" data-mrf-recirculation=\"Links inline\">En pos de evitar la victoria de la ultraderecha, tanto el Nuevo Frente Popular como el actual primer ministro, Gabriel Attal (<i>Ensemble<\/i>) prometieron que retirar\u00edan a sus candidatos de todas aquellas circunscripciones en las que hubiesen quedado en tercera posici\u00f3n. Y as\u00ed lo hicieron: el Nuevo Frente Popular desapareci\u00f3 de 132 territorios y <i>Ensemble<\/i>, de un total de 83. La estrategia buscaba<b> concentrar el voto \u2018anti Le Pen\u2019<\/b> en una sola candidatura, que los electores podr\u00edan leer como \u201cmenos mala\u201d.<\/p>\n","protected":false},"excerpt":{"rendered":"<p>La coalici\u00f3n de izquierdas ha superado a la formaci\u00f3n de extrema derecha Agrupaci\u00f3n Nacional, que asegura que su victoria \u201csolo se ha retrasado\u201d. La \u00a0uni\u00f3n de las fuerzas de izquierda ha conseguido la mayor\u00eda en la Asamblea Nacional y supera en hasta cuarenta asientos al partido de extrema derecha Agrupaci\u00f3n Nacional. Los resultados dan una [&hellip;]<\/p>\n","protected":false},"author":2,"featured_media":1281,"comment_status":"open","ping_status":"open","sticky":false,"template":"","format":"standard","meta":{"footnotes":""},"categories":[24],"tags":[],"class_list":{"0":"post-1279","1":"post","2":"type-post","3":"status-publish","4":"format-standard","5":"has-post-thumbnail","7":"category-mundo"},"aioseo_notices":[],"_links":{"self":[{"href":"https:\/\/elfaroonline.com.ar\/index.php\/wp-json\/wp\/v2\/posts\/1279","targetHints":{"allow":["GET"]}}],"collection":[{"href":"https:\/\/elfaroonline.com.ar\/index.php\/wp-json\/wp\/v2\/posts"}],"about":[{"href":"https:\/\/elfaroonline.com.ar\/index.php\/wp-json\/wp\/v2\/types\/post"}],"author":[{"embeddable":true,"href":"https:\/\/elfaroonline.com.ar\/index.php\/wp-json\/wp\/v2\/users\/2"}],"replies":[{"embeddable":true,"href":"https:\/\/elfaroonline.com.ar\/index.php\/wp-json\/wp\/v2\/comments?post=1279"}],"version-history":[{"count":2,"href":"https:\/\/elfaroonline.com.ar\/index.php\/wp-json\/wp\/v2\/posts\/1279\/revisions"}],"predecessor-version":[{"id":1282,"href":"https:\/\/elfaroonline.com.ar\/index.php\/wp-json\/wp\/v2\/posts\/1279\/revisions\/1282"}],"wp:featuredmedia":[{"embeddable":true,"href":"https:\/\/elfaroonline.com.ar\/index.php\/wp-json\/wp\/v2\/media\/1281"}],"wp:attachment":[{"href":"https:\/\/elfaroonline.com.ar\/index.php\/wp-json\/wp\/v2\/media?parent=1279"}],"wp:term":[{"taxonomy":"category","embeddable":true,"href":"https:\/\/elfaroonline.com.ar\/index.php\/wp-json\/wp\/v2\/categories?post=1279"},{"taxonomy":"post_tag","embeddable":true,"href":"https:\/\/elfaroonline.com.ar\/index.php\/wp-json\/wp\/v2\/tags?post=1279"}],"curies":[{"name":"wp","href":"https:\/\/api.w.org\/{rel}","templated":true}]}}