{"id":1288,"date":"2024-07-11T07:28:17","date_gmt":"2024-07-11T10:28:17","guid":{"rendered":"https:\/\/elfaroonline.com.ar\/?p=1288"},"modified":"2024-07-11T07:28:17","modified_gmt":"2024-07-11T10:28:17","slug":"catamarca-con-vos-en-el-poncho","status":"publish","type":"post","link":"https:\/\/elfaroonline.com.ar\/index.php\/2024\/07\/11\/catamarca-con-vos-en-el-poncho\/","title":{"rendered":"&#8220;Catamarca con vos&#8221;, en el Poncho"},"content":{"rendered":"<p class=\"v1MsoNormal\"><i>Este programa provincial tambi\u00e9n ofrecer\u00e1 una variada propuesta de actividades, con talleres y capacitaciones.<\/i><\/p>\n<p class=\"v1MsoNormal\">El Estado, a trav\u00e9s de gran parte de sus organismos, estar\u00e1 presente en la Fiesta del Poncho con el programa provincial &#8220;Catamarca con vos&#8221; para que los catamarque\u00f1os puedan realizar sus tr\u00e1mites y consultas en un mismo lugar y al mismo tiempo. Adem\u00e1s, ofrecer\u00e1 una variada propuesta de talleres y capacitaciones en pol\u00edticas para los diversos grupos etarios y sociales. La carpa institucional de Catamarca con Vos va a funcionar todos los d\u00edas, desde el 12 al 21 de julio, de 14 a 21. Este espacio, con su amplia oferta de actividades, estar\u00e1 destinado a todos los catamarque\u00f1os y tambi\u00e9n a los turistas que se acerquen.<\/p>\n<p class=\"v1MsoNormal\">\u00a0&#8220;Catamarca con vos&#8221; es un programa provincial que funciona en la \u00f3rbita del Ministerio de Gobierno, Justicia y Derechos Humanos y tiene como objetivo garantizar el acceso de las distintas prestaciones y servicios del Estado. A fin de aprovechar la gran concurrencia que suele tener la Fiesta del Poncho, se programaron distintas actividades. Estas se desarrollar\u00e1n al lado de esta carpa institucional, funcionar\u00e1 un auditorio. De esta manera, los catamarque\u00f1os podr\u00e1n realizar diferentes tr\u00e1mites en un mismo lugar y tambi\u00e9n podr\u00e1n participar en capacitaciones y talleres.<\/p>\n<p class=\"v1MsoNormal\">El secretario de Asuntos Institucionales del Ministerio de Gobierno, Justicia y Derechos Humanos, Gast\u00f3n Venturini, a cargo de la coordinaci\u00f3n de los distintos organismos\u00a0 coment\u00f3 que &#8220;con Catamarca con Vos venimos recorriendo toda la provincia, acercando los servicios y prestaciones a los distintos municipios. El gobernador nos encomend\u00f3 que llevemos este programa durante la Fiesta del Poncho. Habr\u00e1 una propuesta muy amplia e interesante. Va a ser la primera vez que Catamarca con Vos est\u00e1 en el Poncho y estamos muy entusiasmados&#8221;.<\/p>\n<p class=\"v1MsoNormal\"><b>Organismos<\/b><\/p>\n<p class=\"v1MsoNormal\">Catamarca con vos contar\u00e1 con la participaci\u00f3n de diversos organismos de la administraci\u00f3n p\u00fablica provincia y colegios de profesionales.<\/p>\n<p class=\"v1MsoNormal\">1) ENRE<\/p>\n<p class=\"v1MsoNormal\">2) EC SAPEM<\/p>\n<p class=\"v1MsoNormal\">3) Aguas de Catamarca SAPEM<\/p>\n<p class=\"v1MsoNormal\">4) OSEP<\/p>\n<p class=\"v1MsoNormal\">5) AGAP<\/p>\n<p class=\"v1MsoNormal\">6) Direcci\u00f3n del Registro Del Estado Civil y Capacidad de las Personas (Secretar\u00eda de Asuntos Institucionales)<\/p>\n<p class=\"v1MsoNormal\">7) Direcci\u00f3n Provincial de Acci\u00f3n Cooperativa y Mutual (Secretar\u00eda de Asuntos Institucionales)<\/p>\n<p class=\"v1MsoNormal\">8) Inspecci\u00f3n General de Personas Jur\u00eddicas (Secretar\u00eda de Asuntos Institucionales)<\/p>\n<p class=\"v1MsoNormal\">9) Direcci\u00f3n Provincial de Derechos Humanos (Secretar\u00eda de Justicia, Derechos Humanos y G\u00e9nero)<\/p>\n<p class=\"v1MsoNormal\">10) Direcci\u00f3n Provincial de Justicia (Secretar\u00eda de Justicia, Derechos Humanos y G\u00e9nero)<\/p>\n<p class=\"v1MsoNormal\">11) Direcci\u00f3n Provincial de Mujeres, G\u00e9nero y Diversidad (Secretar\u00eda de Justicia, Derechos Humanos y G\u00e9nero)<\/p>\n<p class=\"v1MsoNormal\">12) Secretar\u00eda de Pol\u00edticas Juveniles<\/p>\n<p class=\"v1MsoNormal\">13) Ministerio de Desarrollo Social<\/p>\n<p class=\"v1MsoNormal\">14) Ministerio de Vivienda y Urbanizaci\u00f3n<\/p>\n<p class=\"v1MsoNormal\">15) Instituto Provincial de la Vivienda<\/p>\n<p class=\"v1MsoNormal\">16) Ministerio de Trabajo, Planificaci\u00f3n y Recursos Humanos<\/p>\n<p class=\"v1MsoNormal\">17) Ministerio de Seguridad<\/p>\n<p class=\"v1MsoNormal\">18) ARCA<\/p>\n<p class=\"v1MsoNormal\">19) Caja de Cr\u00e9dito y Prestaciones de Catamarca<\/p>\n<p class=\"v1MsoNormal\">20) Ministerio de Salud<\/p>\n<p class=\"v1MsoNormal\">21) Ministerio de Econom\u00eda<\/p>\n<p class=\"v1MsoNormal\">22) Direcci\u00f3n Provincial de Defensa del Consumidor y Direcci\u00f3n de Comercio y Servicios<\/p>\n<p class=\"v1MsoNormal\">23) Ministerio de Integraci\u00f3n Regional, Log\u00edstica y Transporte<\/p>\n<p class=\"v1MsoNormal\">24) Ministerio de Educaci\u00f3n.<\/p>\n<p class=\"v1MsoNormal\">25) Servicio de peluquer\u00eda gratuito<\/p>\n<p class=\"v1MsoNormal\">26) Colegio de Abogados de Catamarca<\/p>\n<p class=\"v1MsoNormal\">27) Colegio de Escribanos de Catamarca<\/p>\n<p class=\"v1MsoNormal\">38) Uni\u00f3n de Arquitectos de Catamarca<\/p>\n<p class=\"v1MsoNormal\"><b>Actividades<\/b><\/p>\n<p class=\"v1MsoNormal\"><b>S\u00e1bado 13 de julio<\/b><\/p>\n<p class=\"v1MsoNormal\">14.00 HS Secretar\u00eda de Justicia, Derechos Humanos y G\u00e9nero &#8211; \u00bfQu\u00e9 es la trata de persona y como denunciar?<\/p>\n<p class=\"v1MsoNormal\">15.00HS Ministerio de Seguridad &#8211; Divisi\u00f3n Canes de la Polic\u00eda: demostraci\u00f3n de canes<\/p>\n<p class=\"v1MsoNormal\">17.00HS Ministerio de Desarrollo Social &#8211; Composteras caseras<\/p>\n<p class=\"v1MsoNormal\">18.00HS \u00a0Ministerio de Salud &#8211; Charla sobre celiaqu\u00eda<\/p>\n<p class=\"v1MsoNormal\">18.30HS \u00a0Ministerio de Seguridad &#8211; Ciberestafas y sus modalidades<\/p>\n<p class=\"v1MsoNormal\">19.30 HS Secretar\u00eda de Justicia, Derechos Humanos y G\u00e9nero: Proyecto Ab- Origen (arte Drag, expresi\u00f3n art\u00edstica)<\/p>\n<p class=\"v1MsoNormal\"><b>Domingo 14 de julio\u00a0\u00a0\u00a0\u00a0\u00a0\u00a0\u00a0\u00a0\u00a0\u00a0\u00a0\u00a0\u00a0\u00a0\u00a0\u00a0\u00a0\u00a0\u00a0\u00a0\u00a0\u00a0\u00a0\u00a0\u00a0\u00a0\u00a0 <\/b><\/p>\n<p class=\"v1MsoNormal\">14.00 HS Secretar\u00eda de Pol\u00edticas Juveniles &#8211; Cuidados en las Redes Sociales<\/p>\n<p class=\"v1MsoNormal\">15.00HS Ministerio de Desarrollo Social &#8211; Deshidratadores frutas y verduras arom\u00e1ticas<\/p>\n<p class=\"v1MsoNormal\">16.00HS Secretar\u00eda de Pol\u00edticas Juveniles &#8211; Fotograf\u00eda Digital<\/p>\n<p class=\"v1MsoNormal\">16.30HS Ministerio de Seguridad &#8211; Charla sobre dispositivos duales<\/p>\n<p class=\"v1MsoNormal\">17.30HS ENRE &#8211; Uso racional responsable de energ\u00eda<\/p>\n<p class=\"v1MsoNormal\">18.00HS \u00a0Ministerio de Desarrollo Social -Direcci\u00f3n Provincial Programas Alimentarios:<\/p>\n<p class=\"v1MsoNormal\">19.30HS Ministerio de Seguridad &#8211; Banda De M\u00fasica de la Polic\u00eda<\/p>\n<p class=\"v1MsoNormal\"><b>Lunes 15 de julio\u00a0\u00a0\u00a0\u00a0\u00a0\u00a0\u00a0\u00a0\u00a0\u00a0\u00a0\u00a0\u00a0\u00a0\u00a0\u00a0\u00a0\u00a0\u00a0\u00a0\u00a0\u00a0\u00a0\u00a0\u00a0\u00a0\u00a0\u00a0\u00a0\u00a0\u00a0\u00a0 <\/b><\/p>\n<p class=\"v1MsoNormal\">14.00HS Ministerio de Salud &#8211; Charla Seguridad Vial<\/p>\n<p class=\"v1MsoNormal\">14.30HS Ministerio de Seguridad &#8211; Comercio Seguro<\/p>\n<p class=\"v1MsoNormal\">15.00HS Ministerio de Seguridad &#8211; Presentaci\u00f3n escuelas de formaci\u00f3n<\/p>\n<p class=\"v1MsoNormal\">16.00HS ARCA &#8211; c\u00f3mo se desempe\u00f1a el registro de la propiedad<\/p>\n<p class=\"v1MsoNormal\">16.30HS OSEP &#8211; Uso de la nueva aplicaci\u00f3n de OSEP para celulares 17.00HS\u00a0\u00a0 Ministerio de Salud &#8211; Capacitaci\u00f3n del Dengue<\/p>\n<p class=\"v1MsoNormal\">17.30HS Secretar\u00eda de Pol\u00edticas Juveniles &#8211; J\u00f3venes que inspiran<\/p>\n<p class=\"v1MsoNormal\">18.00HS \u00a0Secretar\u00eda de Justicia, Derechos Humanos y G\u00e9nero &#8211; Gesti\u00f3n positiva de conflictos<\/p>\n<p class=\"v1MsoNormal\">18.30HS Secretar\u00eda de Asuntos Institucionales: Procedimiento de asamblea normalizadora. C\u00f3mo regularizar una instituci\u00f3n.<\/p>\n<p class=\"v1MsoNormal\">19.30HS Ministerio de Seguridad &#8211; Protecci\u00f3n civil<\/p>\n<p class=\"v1MsoNormal\">20.00 HS Ministerio de Seguridad &#8211; Divisi\u00f3n Trata\u00a0 de Personas<\/p>\n<p class=\"v1MsoNormal\"><b>Martes 16 de julio\u00a0\u00a0\u00a0\u00a0\u00a0\u00a0\u00a0\u00a0\u00a0\u00a0\u00a0\u00a0\u00a0\u00a0\u00a0\u00a0\u00a0\u00a0\u00a0\u00a0\u00a0\u00a0\u00a0\u00a0\u00a0\u00a0\u00a0\u00a0\u00a0\u00a0\u00a0 <\/b><\/p>\n<p class=\"v1MsoNormal\">15.00HS Secretar\u00eda de Asuntos Institucionales: Aspectos b\u00e1sicos del<\/p>\n<p class=\"v1MsoNormal\">17.00HS Ministerio de Salud &#8211; Espacio Mintersui. Cuidar las adolescencias.<\/p>\n<p class=\"v1MsoNormal\">17.30HS Ministerio de Salud &#8211; Direcci\u00f3n de Prevenci\u00f3n. Promover habilidades sociales y psicoemocionales.<\/p>\n<p class=\"v1MsoNormal\">18.00HS \u00a0Ministerio de Transporte &#8211; Charla informativa SUBE<\/p>\n<p class=\"v1MsoNormal\">18.30HS Secretar\u00eda de Pol\u00edticas Juveniles &#8211; Las juventudes y la salud\u00a0 mental<\/p>\n<p class=\"v1MsoNormal\">19.00HS \u00a0Ministerio de Seguridad &#8211; Significado de ser brigadista<\/p>\n<p class=\"v1MsoNormal\">19.30HS Ministerio de Seguridad &#8211; Agencia nacional de seguridad vial<\/p>\n<p class=\"v1MsoNormal\">20.00HS Ministerio de Seguridad &#8211; Conducci\u00f3n segura y seguridad vial 20.30 HS\u00a0\u00a0\u00a0\u00a0\u00a0\u00a0\u00a0\u00a0\u00a0\u00a0\u00a0 Mushuq Yatray &#8211; Hogar para personas con discapacidad\/Ballet folcl\u00f3rico<\/p>\n<p class=\"v1MsoNormal\"><b>Mi\u00e9rcoles 17 de julio\u00a0\u00a0\u00a0\u00a0\u00a0\u00a0\u00a0\u00a0\u00a0\u00a0\u00a0\u00a0\u00a0\u00a0\u00a0\u00a0\u00a0\u00a0\u00a0\u00a0\u00a0\u00a0\u00a0\u00a0\u00a0\u00a0 <\/b><\/p>\n<p class=\"v1MsoNormal\">14.30 HS Ministerio de Seguridad &#8211; Presentaci\u00f3n de fuerzas federales: gendarmer\u00eda<\/p>\n<p class=\"v1MsoNormal\">15.00 HS Ministerio de Seguridad &#8211; Presentaci\u00f3n de fuerzas federales: polic\u00eda aeroportuaria<\/p>\n<p class=\"v1MsoNormal\">15.30HS Ministerio de Seguridad &#8211; Presentaci\u00f3n de fuerzas federales: Polic\u00eda Federal<\/p>\n<p class=\"v1MsoNormal\">16.00 HS Ministerio de Seguridad &#8211; Presentaci\u00f3n de fuerzas federales: Ej\u00e9rcito Argentino<\/p>\n<p class=\"v1MsoNormal\">16.30 HS Ministerio de Desarrollo Social &#8211; Charla sobre huertas verticales<\/p>\n<p class=\"v1MsoNormal\">17.30 HS \u00a0Ministerio de Integraci\u00f3n Regional, Log\u00edstica y Transporte &#8211; Charla informativa SUBE<\/p>\n<p class=\"v1MsoNormal\">18.00 HS Secretar\u00eda de Pol\u00edticas Juveniles &#8211; Taller de herramientas y t\u00e9cnicas de estudio\u00a0\u00a0\u00a0\u00a0\u00a0\u00a0\u00a0\u00a0\u00a0\u00a0 .<\/p>\n<p class=\"v1MsoNormal\"><b>Jueves 18 de julio\u00a0\u00a0\u00a0\u00a0\u00a0\u00a0\u00a0\u00a0\u00a0\u00a0\u00a0\u00a0\u00a0\u00a0\u00a0\u00a0\u00a0\u00a0\u00a0\u00a0\u00a0\u00a0\u00a0\u00a0\u00a0\u00a0\u00a0\u00a0\u00a0\u00a0 <\/b><\/p>\n<p class=\"v1MsoNormal\">15.00HS Ministerio de Salud &#8211; Charla de telesalud<\/p>\n<p class=\"v1MsoNormal\">15.30HS Ministerio de Salud &#8211; Direcci\u00f3n asistencial. Inteligencia artificial en salud mental<\/p>\n<p class=\"v1MsoNormal\">16.00HS OSEP &#8211; Uso de dispositivos app OSEP<\/p>\n<p class=\"v1MsoNormal\">16.30HS Secretar\u00eda de Asuntos Institucionales: Casamiento en el lugar.<\/p>\n<p class=\"v1MsoNormal\">17.30HS Ministerio de Seguridad &#8211; Conducci\u00f3n segura<\/p>\n<p class=\"v1MsoNormal\">18.00HS \u00a0Ministerio de Seguridad &#8211; Proyecto de reinsercion social<\/p>\n<p class=\"v1MsoNormal\">18.30HS \u00a0Secretar\u00eda de Pol\u00edticas Juveniles &#8211; Como actuamos en caso de incendios<\/p>\n<p class=\"v1MsoNormal\">19.00HS \u00a0Secretar\u00eda de Pol\u00edticas Juveniles &#8211; Concurso &#8220;Conociendo a Luis Franco&#8221;<\/p>\n<p class=\"v1MsoNormal\"><b>Viernes 19 de julio\u00a0\u00a0\u00a0\u00a0\u00a0\u00a0\u00a0\u00a0\u00a0\u00a0\u00a0\u00a0\u00a0\u00a0\u00a0\u00a0\u00a0\u00a0\u00a0\u00a0\u00a0\u00a0\u00a0\u00a0\u00a0\u00a0\u00a0\u00a0\u00a0\u00a0 <\/b><\/p>\n<p class=\"v1MsoNormal\">15.00 HS Ministerio de Desarrollo Social &#8211; L\u00ednea 102, trabajo infantil, grooming y bullying<\/p>\n<p class=\"v1MsoNormal\">16.00 HS\u00a0 Secretar\u00eda de Asuntos Institucionales: Requisitos para el cambio de g\u00e9nero<\/p>\n<p class=\"v1MsoNormal\">16.30 HS Ministerio de Seguridad &#8211; Presentacion de bomberos<\/p>\n<p class=\"v1MsoNormal\">17.00 HS Ministerio de Seguridad &#8211; Alarmas vecinales<\/p>\n<p class=\"v1MsoNormal\">17.30 HS Ministerio de Seguridad &#8211; Taller de prevenci\u00f3n para adultos mayores<\/p>\n<p class=\"v1MsoNormal\">18.00 HS Ministerio de Desarrollo Social. Direcci\u00f3n Provincial Programas Alimentarios: Elaboraci\u00f3n de recetas<\/p>\n<p class=\"v1MsoNormal\">19.30 HS Secretar\u00eda de Pol\u00edticas Juveniles &#8211; BANDA MUSICAL<\/p>\n<p class=\"v1MsoNormal\"><b>S\u00e1bado 20 de julio\u00a0\u00a0\u00a0\u00a0\u00a0\u00a0\u00a0\u00a0\u00a0\u00a0\u00a0\u00a0\u00a0\u00a0\u00a0\u00a0\u00a0\u00a0\u00a0\u00a0\u00a0\u00a0\u00a0\u00a0\u00a0\u00a0\u00a0\u00a0\u00a0 <\/b><\/p>\n<p class=\"v1MsoNormal\">14.30 HS Aguas de Catamarca SAPEM: Tarifa y unificaci\u00f3n de facturas<\/p>\n<p class=\"v1MsoNormal\">15.30HS Secretar\u00eda de Pol\u00edticas Juveniles &#8211; Educaci\u00f3n Sexual Integral 16.00HS Ministerio de Seguridad &#8211; Primeros Auxilios y la importancia del botiqu\u00edn<\/p>\n<p class=\"v1MsoNormal\">16.30HS Secretar\u00eda de Pol\u00edticas Juveniles &#8211; J\u00f3venes que inspiran<\/p>\n<p class=\"v1MsoNormal\">17.00HS Ministerio de Desarrollo Social &#8211; Derecho de ni\u00f1as, ni\u00f1os y adolescentes<\/p>\n<p class=\"v1MsoNormal\">18.00HS\u00a0 Secretar\u00eda de Pol\u00edticas Juveniles &#8211; Alimentaci\u00f3n saludable en la adolescencia<\/p>\n<p class=\"v1MsoNormal\">18.30 HS Ministerio de Desarrollo Social. Direcci\u00f3n Provincial Programas Alimentarios: Elaboraci\u00f3n de recetas<\/p>\n<p class=\"v1MsoNormal\"><b>\u00a0<\/b><\/p>\n<p class=\"v1MsoNormal\"><b>Domingo 21 de julio\u00a0\u00a0\u00a0\u00a0\u00a0\u00a0\u00a0\u00a0\u00a0\u00a0\u00a0\u00a0\u00a0\u00a0\u00a0 <\/b><\/p>\n<p class=\"v1MsoNormal\">14.30 HS Ministerio de Desarrollo Social. Direcci\u00f3n Provincial Programas Alimentarios: Elaboraci\u00f3n de recetas<\/p>\n<p class=\"v1MsoNormal\">16.00 HS Ministerio de Integraci\u00f3n Regional, Log\u00edstica y Transporte &#8211; Charla informativa SUBE<\/p>\n<p class=\"v1MsoNormal\">16.30 HS Secretar\u00eda de Pol\u00edticas Juveniles &#8211; Emprendedores del Futuro<\/p>\n<p class=\"v1MsoNormal\">17.00 HS Ministerio de Seguridad &#8211; Ciberbullying y grooming<\/p>\n<p class=\"v1MsoNormal\">18.00 HS Ministerio de Seguridad &#8211; Prevenci\u00f3n y concientizaci\u00f3n consumo de drogas<\/p>\n<p class=\"v1MsoNormal\">18.30 HS Secretar\u00eda de Pol\u00edticas Juveniles &#8211; Banda Musical<\/p>\n","protected":false},"excerpt":{"rendered":"<p>Este programa provincial tambi\u00e9n ofrecer\u00e1 una variada propuesta de actividades, con talleres y capacitaciones. El Estado, a trav\u00e9s de gran parte de sus organismos, estar\u00e1 presente en la Fiesta del Poncho con el programa provincial &#8220;Catamarca con vos&#8221; para que los catamarque\u00f1os puedan realizar sus tr\u00e1mites y consultas en un mismo lugar y al mismo [&hellip;]<\/p>\n","protected":false},"author":2,"featured_media":1289,"comment_status":"open","ping_status":"open","sticky":false,"template":"","format":"standard","meta":{"footnotes":""},"categories":[23,20],"tags":[],"class_list":{"0":"post-1288","1":"post","2":"type-post","3":"status-publish","4":"format-standard","5":"has-post-thumbnail","7":"category-destacados","8":"category-sociedad"},"aioseo_notices":[],"_links":{"self":[{"href":"https:\/\/elfaroonline.com.ar\/index.php\/wp-json\/wp\/v2\/posts\/1288","targetHints":{"allow":["GET"]}}],"collection":[{"href":"https:\/\/elfaroonline.com.ar\/index.php\/wp-json\/wp\/v2\/posts"}],"about":[{"href":"https:\/\/elfaroonline.com.ar\/index.php\/wp-json\/wp\/v2\/types\/post"}],"author":[{"embeddable":true,"href":"https:\/\/elfaroonline.com.ar\/index.php\/wp-json\/wp\/v2\/users\/2"}],"replies":[{"embeddable":true,"href":"https:\/\/elfaroonline.com.ar\/index.php\/wp-json\/wp\/v2\/comments?post=1288"}],"version-history":[{"count":2,"href":"https:\/\/elfaroonline.com.ar\/index.php\/wp-json\/wp\/v2\/posts\/1288\/revisions"}],"predecessor-version":[{"id":1310,"href":"https:\/\/elfaroonline.com.ar\/index.php\/wp-json\/wp\/v2\/posts\/1288\/revisions\/1310"}],"wp:featuredmedia":[{"embeddable":true,"href":"https:\/\/elfaroonline.com.ar\/index.php\/wp-json\/wp\/v2\/media\/1289"}],"wp:attachment":[{"href":"https:\/\/elfaroonline.com.ar\/index.php\/wp-json\/wp\/v2\/media?parent=1288"}],"wp:term":[{"taxonomy":"category","embeddable":true,"href":"https:\/\/elfaroonline.com.ar\/index.php\/wp-json\/wp\/v2\/categories?post=1288"},{"taxonomy":"post_tag","embeddable":true,"href":"https:\/\/elfaroonline.com.ar\/index.php\/wp-json\/wp\/v2\/tags?post=1288"}],"curies":[{"name":"wp","href":"https:\/\/api.w.org\/{rel}","templated":true}]}}