{"id":1294,"date":"2024-07-11T07:24:10","date_gmt":"2024-07-11T10:24:10","guid":{"rendered":"https:\/\/elfaroonline.com.ar\/?p=1294"},"modified":"2024-07-11T07:24:10","modified_gmt":"2024-07-11T10:24:10","slug":"pacientes-de-distintos-puntos-de-la-provincia-recibieron-sus-nuevos-anteojos","status":"publish","type":"post","link":"https:\/\/elfaroonline.com.ar\/index.php\/2024\/07\/11\/pacientes-de-distintos-puntos-de-la-provincia-recibieron-sus-nuevos-anteojos\/","title":{"rendered":"Pacientes de distintos puntos de la provincia recibieron sus nuevos anteojos"},"content":{"rendered":"<p class=\"v1MsoNormal\">El gobernador Ra\u00fal Jalil, junto al ministro de Salud, Lucas Zampieri, hizo entrega de anteojos recetados a trav\u00e9s de la Direcci\u00f3n Provincial de Medicina Social (DiProMeSi) a 13 pacientes de Capital, La Paz, Santa Mar\u00eda y Bel\u00e9n.<\/p>\n<p class=\"v1MsoNormal\">Ra\u00fal Toledo, quien recibi\u00f3 un par de anteojos, expres\u00f3 que &#8220;es un orgullo estar ac\u00e1 para este acto tan especial en el que recibimos esto, que es tan necesario para nosotros. Estoy muy agradecido&#8221;.<\/p>\n<p class=\"v1MsoNormal\">Es importante mencionar que en 2023 se comenz\u00f3 a brindar atenci\u00f3n oftalmol\u00f3gica en hospitales y CAPS del interior provincial, lo que dio lugar a la L\u00ednea de Cuidado Oftalmol\u00f3gico, que facilita el acceso a la salud visual mediante un sistema de itinerancias y que tiene como objetivo garantizar la equidad en salud a toda la poblaci\u00f3n.<\/p>\n<p class=\"v1MsoNormal\">La L\u00ednea de Cuidados Oftalmol\u00f3gicos inici\u00f3 en Bel\u00e9n, Tinogasta, Fiambal\u00e1, Chumbicha, Pom\u00e1n, Recreo e Ica\u00f1o; luego se sumaron Saujil y Andalgal\u00e1, Los Altos, La Ci\u00e9naga, Medanitos, El Rodeo y Aconquija.<\/p>\n<p class=\"v1MsoNormal\">Adem\u00e1s, de los 6 especialistas en oftalmolog\u00eda que atienden en el interior, se brinda Servicio de Oftalmolog\u00eda estable en los CAPS &#8220;Carlos Bravo&#8221; y &#8220;Edgardo Acu\u00f1a&#8221; en Capital, y en el hospital &#8220;Dr. Luis Alberto Vargas&#8221; de Santa Mar\u00eda.<\/p>\n","protected":false},"excerpt":{"rendered":"<p>El gobernador Ra\u00fal Jalil, junto al ministro de Salud, Lucas Zampieri, hizo entrega de anteojos recetados a trav\u00e9s de la Direcci\u00f3n Provincial de Medicina Social (DiProMeSi) a 13 pacientes de Capital, La Paz, Santa Mar\u00eda y Bel\u00e9n. Ra\u00fal Toledo, quien recibi\u00f3 un par de anteojos, expres\u00f3 que &#8220;es un orgullo estar ac\u00e1 para este acto [&hellip;]<\/p>\n","protected":false},"author":2,"featured_media":1295,"comment_status":"open","ping_status":"open","sticky":false,"template":"","format":"standard","meta":{"footnotes":""},"categories":[21],"tags":[],"class_list":{"0":"post-1294","1":"post","2":"type-post","3":"status-publish","4":"format-standard","5":"has-post-thumbnail","7":"category-politica"},"aioseo_notices":[],"_links":{"self":[{"href":"https:\/\/elfaroonline.com.ar\/index.php\/wp-json\/wp\/v2\/posts\/1294","targetHints":{"allow":["GET"]}}],"collection":[{"href":"https:\/\/elfaroonline.com.ar\/index.php\/wp-json\/wp\/v2\/posts"}],"about":[{"href":"https:\/\/elfaroonline.com.ar\/index.php\/wp-json\/wp\/v2\/types\/post"}],"author":[{"embeddable":true,"href":"https:\/\/elfaroonline.com.ar\/index.php\/wp-json\/wp\/v2\/users\/2"}],"replies":[{"embeddable":true,"href":"https:\/\/elfaroonline.com.ar\/index.php\/wp-json\/wp\/v2\/comments?post=1294"}],"version-history":[{"count":1,"href":"https:\/\/elfaroonline.com.ar\/index.php\/wp-json\/wp\/v2\/posts\/1294\/revisions"}],"predecessor-version":[{"id":1296,"href":"https:\/\/elfaroonline.com.ar\/index.php\/wp-json\/wp\/v2\/posts\/1294\/revisions\/1296"}],"wp:featuredmedia":[{"embeddable":true,"href":"https:\/\/elfaroonline.com.ar\/index.php\/wp-json\/wp\/v2\/media\/1295"}],"wp:attachment":[{"href":"https:\/\/elfaroonline.com.ar\/index.php\/wp-json\/wp\/v2\/media?parent=1294"}],"wp:term":[{"taxonomy":"category","embeddable":true,"href":"https:\/\/elfaroonline.com.ar\/index.php\/wp-json\/wp\/v2\/categories?post=1294"},{"taxonomy":"post_tag","embeddable":true,"href":"https:\/\/elfaroonline.com.ar\/index.php\/wp-json\/wp\/v2\/tags?post=1294"}],"curies":[{"name":"wp","href":"https:\/\/api.w.org\/{rel}","templated":true}]}}