{"id":1297,"date":"2024-07-11T07:29:15","date_gmt":"2024-07-11T10:29:15","guid":{"rendered":"https:\/\/elfaroonline.com.ar\/?p=1297"},"modified":"2024-07-11T07:29:15","modified_gmt":"2024-07-11T10:29:15","slug":"pacto-catamarqueno-el-gobierno-convocara-a-sectores-politicos-e-intendentes-para-determinar-las-politicas-publicas-que-necesita-catamarca-en-los-proximos-anos","status":"publish","type":"post","link":"https:\/\/elfaroonline.com.ar\/index.php\/2024\/07\/11\/pacto-catamarqueno-el-gobierno-convocara-a-sectores-politicos-e-intendentes-para-determinar-las-politicas-publicas-que-necesita-catamarca-en-los-proximos-anos\/","title":{"rendered":"Pacto Catamarque\u00f1o: el Gobierno convocar\u00e1 a sectores pol\u00edticos e intendentes para determinar las pol\u00edticas p\u00fablicas que necesita Catamarca en los pr\u00f3ximos a\u00f1os"},"content":{"rendered":"<div>\n<p class=\"v1MsoNormal\">En Casa de Gobierno, el gobernador Ra\u00fal Jalil mantuvo una reuni\u00f3n de trabajo con el vicegobernador Rub\u00e9n Dusso y la presidenta de la C\u00e1mara de Diputados, para dialogar sobre el contenido que tendr\u00e1 el Pacto Catamarque\u00f1o que se suscribir\u00e1 en agosto.<\/p>\n<p class=\"v1MsoNormal\">En el encuentro, las autoridades establecieron que en los pr\u00f3ximos d\u00edas se realizar\u00e1n reuniones con los jefes de bloques de los distintos signos pol\u00edticos de las c\u00e1maras legislativas para delinear los ejes y pol\u00edticas de Estado que debe contener el pacto.<\/p>\n<p class=\"v1MsoNormal\">Desde el Ejecutivo afirmaron que alguno de los puntos a incluir en el Pacto Catamarque\u00f1o, entre otros, ser\u00e1 la Reforma de la Constituci\u00f3n, el plan de obra p\u00fablica, las pol\u00edticas en miner\u00eda, turismo, agroindustria, econom\u00eda del conocimiento, entre otras \u00e1reas, para los pr\u00f3ximos a\u00f1os. Por ello, tambi\u00e9n, se incluir\u00e1 dentro de este gran acuerdo catamarque\u00f1o a los intendentes para que aporten la visi\u00f3n de las distintas jurisdicciones que componen la provincia.<\/p>\n<p class=\"v1MsoNormal\">Seg\u00fan anunci\u00f3 el Gobernador durante el acto del 9 de julio en Ba\u00f1ado de Ovanta, el Pacto Catamarque\u00f1o tendr\u00e1 como principal objetivo &#8220;determinar las pol\u00edticas p\u00fablicas que necesita Catamarca para los pr\u00f3ximos a\u00f1os&#8221;.<\/p>\n<p class=\"v1MsoNormal\">En la reuni\u00f3n tambi\u00e9n estuvieron presentes el ministro de Gobierno, Justicia y Derechos Humanos, Fernando \u00c1vila; el asesor general de Gobierno, Nicol\u00e1s Rosales; la secretaria de Estado de Gabinete, Luz Mar\u00eda Soria, y la diputada provincial Cecilia Barros.<\/p>\n<\/div>\n","protected":false},"excerpt":{"rendered":"<p>En Casa de Gobierno, el gobernador Ra\u00fal Jalil mantuvo una reuni\u00f3n de trabajo con el vicegobernador Rub\u00e9n Dusso y la presidenta de la C\u00e1mara de Diputados, para dialogar sobre el contenido que tendr\u00e1 el Pacto Catamarque\u00f1o que se suscribir\u00e1 en agosto. En el encuentro, las autoridades establecieron que en los pr\u00f3ximos d\u00edas se realizar\u00e1n reuniones [&hellip;]<\/p>\n","protected":false},"author":2,"featured_media":1298,"comment_status":"open","ping_status":"open","sticky":false,"template":"","format":"standard","meta":{"footnotes":""},"categories":[23,21],"tags":[],"class_list":{"0":"post-1297","1":"post","2":"type-post","3":"status-publish","4":"format-standard","5":"has-post-thumbnail","7":"category-destacados","8":"category-politica"},"aioseo_notices":[],"_links":{"self":[{"href":"https:\/\/elfaroonline.com.ar\/index.php\/wp-json\/wp\/v2\/posts\/1297","targetHints":{"allow":["GET"]}}],"collection":[{"href":"https:\/\/elfaroonline.com.ar\/index.php\/wp-json\/wp\/v2\/posts"}],"about":[{"href":"https:\/\/elfaroonline.com.ar\/index.php\/wp-json\/wp\/v2\/types\/post"}],"author":[{"embeddable":true,"href":"https:\/\/elfaroonline.com.ar\/index.php\/wp-json\/wp\/v2\/users\/2"}],"replies":[{"embeddable":true,"href":"https:\/\/elfaroonline.com.ar\/index.php\/wp-json\/wp\/v2\/comments?post=1297"}],"version-history":[{"count":2,"href":"https:\/\/elfaroonline.com.ar\/index.php\/wp-json\/wp\/v2\/posts\/1297\/revisions"}],"predecessor-version":[{"id":1311,"href":"https:\/\/elfaroonline.com.ar\/index.php\/wp-json\/wp\/v2\/posts\/1297\/revisions\/1311"}],"wp:featuredmedia":[{"embeddable":true,"href":"https:\/\/elfaroonline.com.ar\/index.php\/wp-json\/wp\/v2\/media\/1298"}],"wp:attachment":[{"href":"https:\/\/elfaroonline.com.ar\/index.php\/wp-json\/wp\/v2\/media?parent=1297"}],"wp:term":[{"taxonomy":"category","embeddable":true,"href":"https:\/\/elfaroonline.com.ar\/index.php\/wp-json\/wp\/v2\/categories?post=1297"},{"taxonomy":"post_tag","embeddable":true,"href":"https:\/\/elfaroonline.com.ar\/index.php\/wp-json\/wp\/v2\/tags?post=1297"}],"curies":[{"name":"wp","href":"https:\/\/api.w.org\/{rel}","templated":true}]}}