{"id":1300,"date":"2024-07-11T07:23:40","date_gmt":"2024-07-11T10:23:40","guid":{"rendered":"https:\/\/elfaroonline.com.ar\/?p=1300"},"modified":"2024-07-11T07:23:40","modified_gmt":"2024-07-11T10:23:40","slug":"nueva-advertencia-de-milei-al-congreso-voy-a-vetar-todas-las-leyes-de-los-degenerados-fiscales","status":"publish","type":"post","link":"https:\/\/elfaroonline.com.ar\/index.php\/2024\/07\/11\/nueva-advertencia-de-milei-al-congreso-voy-a-vetar-todas-las-leyes-de-los-degenerados-fiscales\/","title":{"rendered":"Nueva advertencia de Milei al Congreso: \u201cVoy a vetar todas las leyes de los degenerados fiscales\u201d"},"content":{"rendered":"<p><b>Javier Milei <\/b>habl\u00f3 en el aniversario de la Bolsa de Comercio y le mand\u00f3 una nueva advertencia a los diputados y senadores de la oposici\u00f3n, a quienes critic\u00f3 y responsabiliz\u00f3 por las tensiones cambiarias de las \u00faltimas semanas. En un discurso con fuerte foco en el rumbo econ\u00f3mico, que se bas\u00f3 en una cerrada defensa a las medidas implementadas por <b>Luis Caputo<\/b>, el Presidente resalt\u00f3 lo hecho durante los primeros seis meses de gesti\u00f3n y dej\u00f3 en claro que el principal objetivo del Gobierno es el <b>super\u00e1vit fiscal.<\/b><\/p>\n<p>\u201cEl d\u00e9ficit cero es la manera m\u00e1s brutal de todas de asegurar la solvencia intertemporal. <b>Por eso es que el riesgo pa\u00eds pas\u00f3 de 2900 puntos y lleg\u00f3 a tocar los 1100, hasta que el Congreso empez\u00f3 a hacer de las suyas<\/b>\u201c, introdujo el presidente, en la parte final de una exposici\u00f3n a su estilo, desarrollando conceptos t\u00e9cnicos de macroeconom\u00eda.<\/p>\n<p>\u201cCon los degenerados fiscales queriendo gastar como locos y bueno, <b>el mercado nos pas\u00f3 la factura<\/b>\u201c, dijo aludiendo al cambio de tendencia de las \u00faltimas semanas en las que el precio de los bonos cayeron y los d\u00f3lares paralelos aumentaron su cotizaci\u00f3n.<\/p>\n<p class=\"paragraph\" data-mrf-recirculation=\"Links inline\">\u201cComo todav\u00eda tenemos control de capitales, si ustedes compran d\u00f3lares de manera indirecta, no directa, al pegarle por v\u00eda de la solvencia al precio de los bonos (nos dicen) \u00b4uy est\u00e1 subiendo el d\u00f3lar\u00b4, y s\u00ed claro, <b>mientras que los degenerados fiscales quieran hacer de las de ellos, lo van a ver en el precio del d\u00f3lar<\/b>\u201c, explic\u00f3 Milei.<\/p>\n<p class=\"paragraph\" data-mrf-recirculation=\"Links inline\">Luego lanz\u00f3 su advertencia: <b>\u201cLe digo algo, si los degenerados fiscales quieren pasar leyes que vayan contra el equilibrio presupuestario \u00bfsaben qu\u00e9? las voy a vetar todas, no voy a entregar el resultado fiscal\u201d<\/b>, enfatiz\u00f3 el jefe de Estado.<\/p>\n<p data-mrf-recirculation=\"Links inline\">El presidente Milei habl\u00f3 durante una hora frente a empresarios y agentes del mercado burs\u00e1til. Al comenzar, adelant\u00f3 que su pr\u00e9dica en esta ocasi\u00f3n ser\u00eda distinta a la del 9 de julio en Tucum\u00e1n, por su contenido t\u00e9cnico. \u201cVoy a volver a mi rol de economista\u201d, sostuvo. De esa manera, analiz\u00f3 las variables y ejes conceptuales sobre los que su Gobierno basa la pol\u00edtica econ\u00f3mica. No obstante, all\u00ed mantuvo las cr\u00edticas hacia los economistas que cuestionan su gesti\u00f3n: \u201cLa gran mayor\u00eda de los economistas no saben estas cosas. <b>Hay un problema de deformaci\u00f3n grave<\/b>\u201d, subray\u00f3 con su habitual estilo.<\/p>\n<p data-mrf-recirculation=\"Links inline\">En varios pasajes, Milei acentu\u00f3 elogios hacia el ministro de Econom\u00eda, <b>Luis \u201cToto\u201d Caputo<\/b>. Uno de ellos fue cuando reiter\u00f3 que el funcionario fren\u00f3 una <b>h\u00edperinflaci\u00f3n<\/b>. \u201c<b>El gigante que est\u00e1 aqu\u00ed llev\u00f3 la tasa de inflaci\u00f3n del 17.000% a 54%<\/b>\u201d, dijo refiri\u00e9ndose al titular del palacio de Hacienda.<\/p>\n","protected":false},"excerpt":{"rendered":"<p>Javier Milei habl\u00f3 en el aniversario de la Bolsa de Comercio y le mand\u00f3 una nueva advertencia a los diputados y senadores de la oposici\u00f3n, a quienes critic\u00f3 y responsabiliz\u00f3 por las tensiones cambiarias de las \u00faltimas semanas. En un discurso con fuerte foco en el rumbo econ\u00f3mico, que se bas\u00f3 en una cerrada defensa [&hellip;]<\/p>\n","protected":false},"author":2,"featured_media":1301,"comment_status":"open","ping_status":"open","sticky":false,"template":"","format":"standard","meta":{"footnotes":""},"categories":[22],"tags":[],"class_list":{"0":"post-1300","1":"post","2":"type-post","3":"status-publish","4":"format-standard","5":"has-post-thumbnail","7":"category-nacionales"},"aioseo_notices":[],"_links":{"self":[{"href":"https:\/\/elfaroonline.com.ar\/index.php\/wp-json\/wp\/v2\/posts\/1300","targetHints":{"allow":["GET"]}}],"collection":[{"href":"https:\/\/elfaroonline.com.ar\/index.php\/wp-json\/wp\/v2\/posts"}],"about":[{"href":"https:\/\/elfaroonline.com.ar\/index.php\/wp-json\/wp\/v2\/types\/post"}],"author":[{"embeddable":true,"href":"https:\/\/elfaroonline.com.ar\/index.php\/wp-json\/wp\/v2\/users\/2"}],"replies":[{"embeddable":true,"href":"https:\/\/elfaroonline.com.ar\/index.php\/wp-json\/wp\/v2\/comments?post=1300"}],"version-history":[{"count":1,"href":"https:\/\/elfaroonline.com.ar\/index.php\/wp-json\/wp\/v2\/posts\/1300\/revisions"}],"predecessor-version":[{"id":1302,"href":"https:\/\/elfaroonline.com.ar\/index.php\/wp-json\/wp\/v2\/posts\/1300\/revisions\/1302"}],"wp:featuredmedia":[{"embeddable":true,"href":"https:\/\/elfaroonline.com.ar\/index.php\/wp-json\/wp\/v2\/media\/1301"}],"wp:attachment":[{"href":"https:\/\/elfaroonline.com.ar\/index.php\/wp-json\/wp\/v2\/media?parent=1300"}],"wp:term":[{"taxonomy":"category","embeddable":true,"href":"https:\/\/elfaroonline.com.ar\/index.php\/wp-json\/wp\/v2\/categories?post=1300"},{"taxonomy":"post_tag","embeddable":true,"href":"https:\/\/elfaroonline.com.ar\/index.php\/wp-json\/wp\/v2\/tags?post=1300"}],"curies":[{"name":"wp","href":"https:\/\/api.w.org\/{rel}","templated":true}]}}