{"id":1315,"date":"2024-07-11T07:38:18","date_gmt":"2024-07-11T10:38:18","guid":{"rendered":"https:\/\/elfaroonline.com.ar\/?p=1315"},"modified":"2024-07-11T07:38:18","modified_gmt":"2024-07-11T10:38:18","slug":"al-menos-261-personas-murieron-en-prision-durante-el-regimen-de-excepcion-decretado-por-bukele-en-el-salvador","status":"publish","type":"post","link":"https:\/\/elfaroonline.com.ar\/index.php\/2024\/07\/11\/al-menos-261-personas-murieron-en-prision-durante-el-regimen-de-excepcion-decretado-por-bukele-en-el-salvador\/","title":{"rendered":"Al menos 261 personas murieron en prisi\u00f3n durante el r\u00e9gimen de excepci\u00f3n decretado por Bukele en El Salvador"},"content":{"rendered":"<p>El informe con los datos de la organizaci\u00f3n Cristosal se conoci\u00f3 un d\u00eda despu\u00e9s de que el Congreso aprobara la 28\u00aa pr\u00f3rroga del r\u00e9gimen especial establecido por el mandatario.<\/p>\n<p>Seg\u00fan el informe \u201c<b>El silencio no es opci\u00f3n<\/b>\u201d, Cristosal afirma que una amplia investigaci\u00f3n de campo y el an\u00e1lisis de la informaci\u00f3n recolectada, permiti\u00f3 probar que \u201c261 personas adultas y adolescentes y cuatro ni\u00f1as y ni\u00f1os han muertos bajo custodia estatal\u201d, durante el periodo comprendido entre el 27 de marzo de 2022 y el 15 de abril de 2024.<\/p>\n<p>El informe que detalla que de las personas que murieron dentro de los centros de detenci\u00f3n, <b>244 son hombres y 17 mujeres<\/b>, se basa en las 3.642 denuncias que Cristosal ha recibido desde la vigencia del r\u00e9gimen de excepci\u00f3n por posibles abusos de poder y detenciones arbitrarias, realizando un estudio a profundidad de 1.178 personas detenidas.<\/p>\n<p class=\"paragraph\" data-mrf-recirculation=\"Links inline\">Adem\u00e1s dice que tras un an\u00e1lisis m\u00e9dico-forense, \u201cCristosal determin\u00f3 que 88 muertes pudieron ser producto de un acto criminal, 87 el resultado de una patolog\u00eda y 14 son posibles muertes violentas.\u201d No se cuenta con informaci\u00f3n suficiente para determinar las causas de muerte de las 72 personas restantes, dice el informe.<\/p>\n<p class=\"paragraph\" data-mrf-recirculation=\"Links inline\">\u201cHan muerto en las c\u00e1rceles y bartolinas salvadore\u00f1a por torturas, tratos crueles inhumanos y degradantes, por la falta de alimentaci\u00f3n, por insalubridad por la falta de atenci\u00f3n inhumana y otras situaciones, pero es que existe una pol\u00edtica deliberada para no proteger a las personas privadas de libertad\u201d, afirm\u00f3 la abogada <b>Zaira Navas<\/b>, quien dirigi\u00f3 la investigaci\u00f3n.<\/p>\n<p class=\"paragraph\" data-mrf-recirculation=\"Links inline\">Navas asegur\u00f3 que \u201cla diferencia de este informe es que recoge pruebas de torturas, de las muertes, del abuso de autoridad, de las v\u00edctimas silenciosas\u201d.<\/p>\n<p class=\"paragraph\" data-mrf-recirculation=\"Links inline\">Cristosal afirma tambi\u00e9n que ha certificado \u201c<b>casos de violaci\u00f3n, abuso y agresiones sexuales sufridas por mujeres detenidas bajo el r\u00e9gimen de excepci\u00f3n, cometidos por custodios penitenciarios, como por otras mujeres reclusas<\/b>\u201d.<\/p>\n<p class=\"paragraph\" data-mrf-recirculation=\"Links inline\"><i>The Associated Press<\/i> pidi\u00f3 un pronunciamiento a la <b>Casa Presidencial <\/b>y su respuesta fue que \u201cno hay comentarios\u201d.<\/p>\n<p class=\"paragraph\" data-mrf-recirculation=\"Links inline\">Cristosal es una organizaci\u00f3n no gubernamental sin fines de lucro que ha realizado investigaciones con <b>Amnist\u00eda Internacional<\/b> y otras organizaciones internacionales. Fue fundada por obispos anglicanos en la posguerra civil de El Salvador e \u201cinspirada en el enfoque de la iglesia en la justicia y los derechos humanos\u201d. Tienen oficina en varios pa\u00edses de la regi\u00f3n, en El Salvador la abrieron en 2001, y aseguran que su misi\u00f3n es \u201cdefender los derechos, humanos y promover la democracia y justicia en Centroam\u00e9rica\u201d.<\/p>\n<p class=\"paragraph\" data-mrf-recirculation=\"Links inline\">El informe de Cristosal se conoce un d\u00eda despu\u00e9s de que <b>el Congreso aprobara la 28\u00aa pr\u00f3rroga del r\u00e9gimen de excepci\u00f3n<\/b>, como parte de la estrategia de mano dura impulsada por el gobierno del presidente Nayib Bukele para combatir las temibles pandillas, arraigadas por a\u00f1os en colonias y barrios populares del pa\u00eds.<\/p>\n<p class=\"paragraph\" data-mrf-recirculation=\"Links inline\"><b>El estado de excepci\u00f3n suspende derechos fundamentales<\/b> como el de ser informado de los motivos de la detenci\u00f3n o el de tener acceso a un abogado, adem\u00e1s, las fuerzas de seguridad pueden intervenir las telecomunicaciones sin orden judicial y se prolonga la detenci\u00f3n sin audiencia judicial de 72 horas a 15 d\u00edas.<\/p>\n","protected":false},"excerpt":{"rendered":"<p>El informe con los datos de la organizaci\u00f3n Cristosal se conoci\u00f3 un d\u00eda despu\u00e9s de que el Congreso aprobara la 28\u00aa pr\u00f3rroga del r\u00e9gimen especial establecido por el mandatario. Seg\u00fan el informe \u201cEl silencio no es opci\u00f3n\u201d, Cristosal afirma que una amplia investigaci\u00f3n de campo y el an\u00e1lisis de la informaci\u00f3n recolectada, permiti\u00f3 probar que [&hellip;]<\/p>\n","protected":false},"author":2,"featured_media":1316,"comment_status":"open","ping_status":"open","sticky":false,"template":"","format":"standard","meta":{"footnotes":""},"categories":[24],"tags":[],"class_list":{"0":"post-1315","1":"post","2":"type-post","3":"status-publish","4":"format-standard","5":"has-post-thumbnail","7":"category-mundo"},"aioseo_notices":[],"_links":{"self":[{"href":"https:\/\/elfaroonline.com.ar\/index.php\/wp-json\/wp\/v2\/posts\/1315","targetHints":{"allow":["GET"]}}],"collection":[{"href":"https:\/\/elfaroonline.com.ar\/index.php\/wp-json\/wp\/v2\/posts"}],"about":[{"href":"https:\/\/elfaroonline.com.ar\/index.php\/wp-json\/wp\/v2\/types\/post"}],"author":[{"embeddable":true,"href":"https:\/\/elfaroonline.com.ar\/index.php\/wp-json\/wp\/v2\/users\/2"}],"replies":[{"embeddable":true,"href":"https:\/\/elfaroonline.com.ar\/index.php\/wp-json\/wp\/v2\/comments?post=1315"}],"version-history":[{"count":1,"href":"https:\/\/elfaroonline.com.ar\/index.php\/wp-json\/wp\/v2\/posts\/1315\/revisions"}],"predecessor-version":[{"id":1317,"href":"https:\/\/elfaroonline.com.ar\/index.php\/wp-json\/wp\/v2\/posts\/1315\/revisions\/1317"}],"wp:featuredmedia":[{"embeddable":true,"href":"https:\/\/elfaroonline.com.ar\/index.php\/wp-json\/wp\/v2\/media\/1316"}],"wp:attachment":[{"href":"https:\/\/elfaroonline.com.ar\/index.php\/wp-json\/wp\/v2\/media?parent=1315"}],"wp:term":[{"taxonomy":"category","embeddable":true,"href":"https:\/\/elfaroonline.com.ar\/index.php\/wp-json\/wp\/v2\/categories?post=1315"},{"taxonomy":"post_tag","embeddable":true,"href":"https:\/\/elfaroonline.com.ar\/index.php\/wp-json\/wp\/v2\/tags?post=1315"}],"curies":[{"name":"wp","href":"https:\/\/api.w.org\/{rel}","templated":true}]}}