{"id":1319,"date":"2024-07-12T11:32:00","date_gmt":"2024-07-12T14:32:00","guid":{"rendered":"https:\/\/elfaroonline.com.ar\/?p=1319"},"modified":"2024-07-12T11:32:00","modified_gmt":"2024-07-12T14:32:00","slug":"causa-adhemar-capital-plantean-medidas-por-el-pedido-de-prision-preventiva-y-procesamiento-de-pablo-olmi","status":"publish","type":"post","link":"https:\/\/elfaroonline.com.ar\/index.php\/2024\/07\/12\/causa-adhemar-capital-plantean-medidas-por-el-pedido-de-prision-preventiva-y-procesamiento-de-pablo-olmi\/","title":{"rendered":"Causa Adhemar Capital: plantean medidas por el pedido de prisi\u00f3n preventiva y procesamiento de Pablo Olmi"},"content":{"rendered":"<p class=\"p1\"><span class=\"s1\"><em>El abogado querellante Alfredo Aydar, present\u00f3 un recurso de reposici\u00f3n y apelaci\u00f3n en subsidio<\/em> para el hipot\u00e9tico caso que se desestime la reposici\u00f3n articulada, en el marco de la presentaci\u00f3n de medidas de prisi\u00f3n preventiva y procesamiento contra Pablo Daniel Olmi.<\/span><\/p>\n<p class=\"p1\"><span class=\"s1\">\u201cEl presente recurso se articula en tiempo y forma en raz\u00f3n de que la providencia, cuya revocaci\u00f3n se solicita, fue notificada el d\u00eda viernes 5 de julio de 2024, por ende el plazo establecido en el art. 447 del CPPN comienza a correr el d\u00eda 8 de Julio y fenece el d\u00eda viernes 12 de julio en las dos primeras horas. Debe aclararse que el Juzgado no habilit\u00f3 la feria en los presentes actuados y sin embargo adelanta con resoluciones de los imputados y querellantes. En consecuencia, debo advertirle al Juzgado a fin de evitar posibles nulidades, que habilite la feria previamente a fin de que sean tratadas las presentaciones de las partes.-<\/span><\/p>\n<p class=\"p1\"><span class=\"s1\">Por otra parte, y de acuerdo a lo normado en el art. 446 del C.P.P.N. el recurso de reposici\u00f3n procede en contra de las providencias dictadas sin sustanciaci\u00f3n, para que la autoridad que las dict\u00f3, las revoque por contrario imperio. Trat\u00e1ndose el decreto de fecha 04\/07 de una providencia simple, el recurso articulado es formalmente procedente\u201d se\u00f1ala el escrito.<\/span><\/p>\n<p class=\"p1\"><strong><span class=\"s1\">Nuevas pruebas <\/span><\/strong><\/p>\n<p class=\"p1\"><span class=\"s1\">En relaci\u00f3n a la solicitud de prisi\u00f3n preventiva del imputado Olmi, siendo que la misma se ha solicitado en base a nuevas circunstancias de la causa \u2013La C\u00e1mara Federal de Apelaciones de Tucum\u00e1n declar\u00f3 desierto el recurso interpuesto por el imputado por no haber presentado agravios-, como as\u00ed tambi\u00e9n en base a nuevas pruebas arrimadas al proceso en cuanto a su actitud frente al presente proceso \u2013en base a lo que se desprende de las escuchas telef\u00f3nicas realizadas debido a la intervenci\u00f3n de su n\u00famero de celular el mencionado imputado afirma que ya arregl\u00f3 con una persona que se identifica como \u201cMiguel\u201d y tambi\u00e9n transfiri\u00f3 su patrimonio a terceros-, y considerando adem\u00e1s la situaci\u00f3n en la que se encontraban otros imputados en la causa, que si fueron encarcelados con los mismos delitos que se le atribuyen al Sr. Olmi, lo resuelto por este Juzgado, no hace m\u00e1s que tratar de<\/span><\/p>\n<p class=\"p1\"><span class=\"s1\"> diferente manera iguales circunstancias o, peor aun, en el caso particular, donde el imputado Olmi afirma haber arreglado su situaci\u00f3n procesal y de haberse desapoderado de bienes, por lo que no corresponde que Olmi se encuentre gozando de una situaci\u00f3n particular menos aun cuando la perspectiva de su pena, dar\u00e1 lugar a una condena firme.<\/span><\/p>\n<p class=\"p1\"><span class=\"s1\">De conformidad a las constancias que obran en la presente causa, la decisi\u00f3n de V.S. de tener a Olmi de acuerdo a lo ya decidido en la causa es por dem\u00e1s llamativo. Digo esto, por la basta prueba que se incorpor\u00f3 en autos y por la situaci\u00f3n procesal particular en la que se encuentra, que ser\u00e1 la de elevaci\u00f3n a juicio, por lo que no haber hecho lugar a mi petici\u00f3n es frustrar los derechos de las victimas a recuperar el dinero captado por el presunto delincuente, adem\u00e1s de la valoraci\u00f3n de la prueba al presente proceso y su desarrollo.<\/span><\/p>\n<p class=\"p1\"><span class=\"s1\">Por otra parte, y no menos importante, es que V.S. debi\u00f3 correr traslado de la presentaci\u00f3n al Ministerio Publico Fiscal a fin de que dictamine sobre la procedencia o no de la presentaci\u00f3n realizada por el suscripto, ya que es \u00e9l quien tiene la titularidad de la acci\u00f3n y en definitiva quien va a proseguir con la investigaci\u00f3n penal, lo cual la resoluci\u00f3n que se ataca de fecha 04\/07, notificada el d\u00eda 05\/07 es incoherente, arbitraria y carece de sustento normativo.-<\/span><\/p>\n<p class=\"p1\"><span class=\"s1\">En consecuencia, corresponde y as\u00ed lo solicito, que V.S. sin sustanciaci\u00f3n, revoque por contrario imperio la parte del auto cuya reposici\u00f3n planteo por medio del presente, y disponga que se corra traslado al Ministerio Publico Fiscal a fin de que dictamine sobre la presentaci\u00f3n realizada por esta parte, haciendo lugar a lo peticionado oportunamente y contin\u00fae con el tr\u00e1mite seg\u00fan el estado del proceso.-<\/span><\/p>\n<p class=\"p1\"><strong><span class=\"s1\">Solicitud de Aydar<\/span><\/strong><\/p>\n<p class=\"p1\"><span class=\"s1\">Tenga por articulado en tiempo y forma recurso de reposici\u00f3n con apelaci\u00f3n en subsidio en contra del p\u00e1rrafo segundo del punto I del decreto de fecha 04 de Julio de 2024.-<\/span><\/p>\n<p class=\"p1\"><span class=\"s1\"> 2.b) Corresponde y as\u00ed lo solicito que sin sustanciaci\u00f3n de ning\u00fan tipo, sin m\u00e1s tr\u00e1mite, se lo revoque por contrario imperio en consecuencia ordene el traslado al Ministerio Publico Fiscal a fin de que dictamine sobre la presentaci\u00f3n realizada por esta parte.<\/span><\/p>\n<p class=\"p1\"><span class=\"s1\">2.c) Para el hipot\u00e9tico caso que se rechace la reposici\u00f3n articulada se conceda el Recurso de Apelaci\u00f3n que en subsidio se interpone.-<\/span><\/p>\n","protected":false},"excerpt":{"rendered":"<p>El abogado querellante Alfredo Aydar, present\u00f3 un recurso de reposici\u00f3n y apelaci\u00f3n en subsidio para el hipot\u00e9tico caso que se desestime la reposici\u00f3n articulada, en el marco de la presentaci\u00f3n de medidas de prisi\u00f3n preventiva y procesamiento contra Pablo Daniel Olmi. \u201cEl presente recurso se articula en tiempo y forma en raz\u00f3n de que la [&hellip;]<\/p>\n","protected":false},"author":2,"featured_media":1320,"comment_status":"open","ping_status":"open","sticky":false,"template":"","format":"standard","meta":{"footnotes":""},"categories":[27],"tags":[],"class_list":{"0":"post-1319","1":"post","2":"type-post","3":"status-publish","4":"format-standard","5":"has-post-thumbnail","7":"category-policiales"},"aioseo_notices":[],"_links":{"self":[{"href":"https:\/\/elfaroonline.com.ar\/index.php\/wp-json\/wp\/v2\/posts\/1319","targetHints":{"allow":["GET"]}}],"collection":[{"href":"https:\/\/elfaroonline.com.ar\/index.php\/wp-json\/wp\/v2\/posts"}],"about":[{"href":"https:\/\/elfaroonline.com.ar\/index.php\/wp-json\/wp\/v2\/types\/post"}],"author":[{"embeddable":true,"href":"https:\/\/elfaroonline.com.ar\/index.php\/wp-json\/wp\/v2\/users\/2"}],"replies":[{"embeddable":true,"href":"https:\/\/elfaroonline.com.ar\/index.php\/wp-json\/wp\/v2\/comments?post=1319"}],"version-history":[{"count":1,"href":"https:\/\/elfaroonline.com.ar\/index.php\/wp-json\/wp\/v2\/posts\/1319\/revisions"}],"predecessor-version":[{"id":1321,"href":"https:\/\/elfaroonline.com.ar\/index.php\/wp-json\/wp\/v2\/posts\/1319\/revisions\/1321"}],"wp:featuredmedia":[{"embeddable":true,"href":"https:\/\/elfaroonline.com.ar\/index.php\/wp-json\/wp\/v2\/media\/1320"}],"wp:attachment":[{"href":"https:\/\/elfaroonline.com.ar\/index.php\/wp-json\/wp\/v2\/media?parent=1319"}],"wp:term":[{"taxonomy":"category","embeddable":true,"href":"https:\/\/elfaroonline.com.ar\/index.php\/wp-json\/wp\/v2\/categories?post=1319"},{"taxonomy":"post_tag","embeddable":true,"href":"https:\/\/elfaroonline.com.ar\/index.php\/wp-json\/wp\/v2\/tags?post=1319"}],"curies":[{"name":"wp","href":"https:\/\/api.w.org\/{rel}","templated":true}]}}