{"id":1328,"date":"2024-07-12T12:15:09","date_gmt":"2024-07-12T15:15:09","guid":{"rendered":"https:\/\/elfaroonline.com.ar\/?p=1328"},"modified":"2024-07-12T12:15:09","modified_gmt":"2024-07-12T15:15:09","slug":"la-scaloneta-fan-fest-para-alentar-a-la-seleccion-en-el-patio-de-las-provincias","status":"publish","type":"post","link":"https:\/\/elfaroonline.com.ar\/index.php\/2024\/07\/12\/la-scaloneta-fan-fest-para-alentar-a-la-seleccion-en-el-patio-de-las-provincias\/","title":{"rendered":"La Scaloneta Fan Fest, para alentar a la selecci\u00f3n en el Patio de las Provincias"},"content":{"rendered":"<p class=\"v1MsoNormal\">&#8220;La Scaloneta Fan Fest&#8221; estar\u00e1 listo para vivir la apasionante final de Copa Am\u00e9rica en la Fiesta del Poncho. La Secretar\u00eda de Deportes y Recreaci\u00f3n de la Provincia invita a todos a disfrutar juntos de la final de la de Copa Am\u00e9rica, donde Argentina y Colombia jugar\u00e1n por la gloria continental. Ser\u00e1 este domingo 14 de julio, a partir de las 20 hs en el Patio de las Provincias, en el marco de la 53\u00aa edici\u00f3n de la Fiesta Nacional e Internacional del Poncho.<\/p>\n<p class=\"v1MsoNormal\">La movida de fan\u00e1ticos iniciar\u00e1 temprano, a partir de las 20 hs, cuando se congreguen en el Patio para seguir la gran final en pantalla gigante y disfrutar de una previa con la animaci\u00f3n de Jonhy Tapia y la musicalizaci\u00f3n del DJ Fabri Bulacio.<\/p>\n<p class=\"v1MsoNormal\">Habr\u00e1 sorteos entre quienes lleguen a alentar a la selecci\u00f3n argentina con banderas, camisetas, y toda la pasi\u00f3n celeste y blanca. Uno de los sorteos estrella ser\u00e1n los vuelos en el globo aerost\u00e1tico que sobrevolar\u00e1 el cielo durante los d\u00edas de la fiesta.<\/p>\n<p class=\"v1MsoNormal\">La final ante Colombia quedar\u00e1 en la historia porque ser\u00e1 la primera vez entre argentinos y cafeteros definiendo un t\u00edtulo de selecci\u00f3n mayor. Argentina buscar\u00e1 defender su t\u00edtulo el pr\u00f3ximo 14 de julio desde las 21 (hora argentina) en el Hard Rock Stadium de Miami. El equipo liderado por Lionel Scaloni, actual campe\u00f3n de la Copa Am\u00e9rica, la Finalissima y la Copa del Mundo, en Qatar 2022.<\/p>\n","protected":false},"excerpt":{"rendered":"<p>&#8220;La Scaloneta Fan Fest&#8221; estar\u00e1 listo para vivir la apasionante final de Copa Am\u00e9rica en la Fiesta del Poncho. La Secretar\u00eda de Deportes y Recreaci\u00f3n de la Provincia invita a todos a disfrutar juntos de la final de la de Copa Am\u00e9rica, donde Argentina y Colombia jugar\u00e1n por la gloria continental. Ser\u00e1 este domingo 14 [&hellip;]<\/p>\n","protected":false},"author":2,"featured_media":1329,"comment_status":"open","ping_status":"open","sticky":false,"template":"","format":"standard","meta":{"footnotes":""},"categories":[23,20],"tags":[],"class_list":{"0":"post-1328","1":"post","2":"type-post","3":"status-publish","4":"format-standard","5":"has-post-thumbnail","7":"category-destacados","8":"category-sociedad"},"aioseo_notices":[],"_links":{"self":[{"href":"https:\/\/elfaroonline.com.ar\/index.php\/wp-json\/wp\/v2\/posts\/1328","targetHints":{"allow":["GET"]}}],"collection":[{"href":"https:\/\/elfaroonline.com.ar\/index.php\/wp-json\/wp\/v2\/posts"}],"about":[{"href":"https:\/\/elfaroonline.com.ar\/index.php\/wp-json\/wp\/v2\/types\/post"}],"author":[{"embeddable":true,"href":"https:\/\/elfaroonline.com.ar\/index.php\/wp-json\/wp\/v2\/users\/2"}],"replies":[{"embeddable":true,"href":"https:\/\/elfaroonline.com.ar\/index.php\/wp-json\/wp\/v2\/comments?post=1328"}],"version-history":[{"count":1,"href":"https:\/\/elfaroonline.com.ar\/index.php\/wp-json\/wp\/v2\/posts\/1328\/revisions"}],"predecessor-version":[{"id":1330,"href":"https:\/\/elfaroonline.com.ar\/index.php\/wp-json\/wp\/v2\/posts\/1328\/revisions\/1330"}],"wp:featuredmedia":[{"embeddable":true,"href":"https:\/\/elfaroonline.com.ar\/index.php\/wp-json\/wp\/v2\/media\/1329"}],"wp:attachment":[{"href":"https:\/\/elfaroonline.com.ar\/index.php\/wp-json\/wp\/v2\/media?parent=1328"}],"wp:term":[{"taxonomy":"category","embeddable":true,"href":"https:\/\/elfaroonline.com.ar\/index.php\/wp-json\/wp\/v2\/categories?post=1328"},{"taxonomy":"post_tag","embeddable":true,"href":"https:\/\/elfaroonline.com.ar\/index.php\/wp-json\/wp\/v2\/tags?post=1328"}],"curies":[{"name":"wp","href":"https:\/\/api.w.org\/{rel}","templated":true}]}}