{"id":1332,"date":"2024-07-15T16:52:16","date_gmt":"2024-07-15T19:52:16","guid":{"rendered":"https:\/\/elfaroonline.com.ar\/?p=1332"},"modified":"2024-07-15T16:52:16","modified_gmt":"2024-07-15T19:52:16","slug":"raul-jalil-y-daniel-scioli-firmaron-acuerdo-para-fortalecer-el-desarrollo-turistico","status":"publish","type":"post","link":"https:\/\/elfaroonline.com.ar\/index.php\/2024\/07\/15\/raul-jalil-y-daniel-scioli-firmaron-acuerdo-para-fortalecer-el-desarrollo-turistico\/","title":{"rendered":"Ra\u00fal Jalil  y Daniel Scioli firmaron acuerdo para fortalecer el desarrollo tur\u00edstico"},"content":{"rendered":"<p class=\"v1MsoNormal\">En el marco del inicio de la 53\u00b0 edici\u00f3n de la Fiesta Nacional e Internacional del Poncho, el gobernador Ra\u00fal Jalil recibi\u00f3 al secretario de Turismo, Ambiente y Deportes de la Naci\u00f3n, Daniel Scioli, con quien rubric\u00f3 una carta de intenci\u00f3n para implementar diferentes acciones y potenciar el desarrollo y la promoci\u00f3n tur\u00edstica que lleva adelante la provincia. Tambi\u00e9n estuvo presente el secretario general del CFI, Ignacio Lamothe.<\/p>\n<p class=\"v1MsoNormal\">El acuerdo, que se realiz\u00f3 en Casa de Gobierno, se encuadra dentro de lo estipulado a trav\u00e9s del Sistema Argentino de Calidad Tur\u00edstica que promueve naci\u00f3n y que se aplicar\u00e1n, en este caso en particular, en los municipios de Fray Mamerto Esqui\u00fa, Las Juntas, Santa Mar\u00eda y Bel\u00e9n, entre otros. La finalidad es dar continuidad al fortalecimiento y mejora de la calidad de las organizaciones y del talento humano de la actividad tur\u00edstica en pos de la consolidaci\u00f3n de la competitividad del sector tur\u00edstico.<\/p>\n<p class=\"v1MsoNormal\">De esta manera, la acci\u00f3n conjunta de las partes permitir\u00e1 defender y optimizar los principios de la sostenibilidad, accesibilidad y competitividad de la cadena de valor del sector tur\u00edstico. Esto se lograr\u00e1 a trav\u00e9s de acciones de capacitaci\u00f3n, asistencia t\u00e9cnica en la implementaci\u00f3n de sellos y directrices de calidad tur\u00edstica, y la formaci\u00f3n de clubes de excelencia.<\/p>\n<p class=\"v1MsoNormal\">La presencia del titular de la Secretar\u00eda de Turismo, Ambiente y Deportes en la provincia de Catamarca tiene como principal agenda la participaci\u00f3n en el acto inaugural de la 53\u00b0 edici\u00f3n de la Fiesta Nacional e Internacional del Poncho, de la cual sostuvo: &#8220;la Fiesta del Poncho es un maravilloso acontecimiento, de un esp\u00edritu emprendedor, cultural, gastron\u00f3mico, tur\u00edstico enorme y estamos aqu\u00ed para promover eso&#8221;<\/p>\n<p class=\"v1MsoNormal\">Seguido, mencion\u00f3 que &#8220;el gobernador Ra\u00fal Jalil marca un camino y nosotros potenciamos la promoci\u00f3n y las maravillas de atracci\u00f3n tur\u00edstica que posee la provincia de Catamarca&#8221;.<\/p>\n<p class=\"v1MsoNormal\">Por su parte, el gobernador Ra\u00fal Jalil agradeci\u00f3 a los diferentes organismos nacionales que apoyaron la realizaci\u00f3n de esta edici\u00f3n de la Fiesta del Poncho, al tiempo que asegur\u00f3 que junto al secretario Scioli desplegar\u00e1n una agenda de trabajo permanente en la que se incluir\u00e1 diferentes aspectos como el desarrollo de los Parques Nacionales de Aconquija, Arrayanes y uno nuevo en el Campo de Piedra P\u00f3mez.<\/p>\n<p class=\"v1MsoNormal\">En la firma del acuerdo estuvieron presentes la ministra de Cultura, Turismo y Deportes de Catamarca, Daiana Rold\u00e1n; la subsecretaria de Turismo de la Naci\u00f3n, Yanina Mart\u00ednez; la ministra de Econom\u00eda, Alejandra Nazareno; el ministro de Agua, Energ\u00eda y Medio Ambiente, Eduardo Niederle; el intendente de Antofagasta de la Sierra, Mario Cusipuma, entre otros funcionarios.<\/p>\n","protected":false},"excerpt":{"rendered":"<p>En el marco del inicio de la 53\u00b0 edici\u00f3n de la Fiesta Nacional e Internacional del Poncho, el gobernador Ra\u00fal Jalil recibi\u00f3 al secretario de Turismo, Ambiente y Deportes de la Naci\u00f3n, Daniel Scioli, con quien rubric\u00f3 una carta de intenci\u00f3n para implementar diferentes acciones y potenciar el desarrollo y la promoci\u00f3n tur\u00edstica que lleva [&hellip;]<\/p>\n","protected":false},"author":2,"featured_media":1333,"comment_status":"open","ping_status":"open","sticky":false,"template":"","format":"standard","meta":{"footnotes":""},"categories":[21],"tags":[],"class_list":{"0":"post-1332","1":"post","2":"type-post","3":"status-publish","4":"format-standard","5":"has-post-thumbnail","7":"category-politica"},"aioseo_notices":[],"_links":{"self":[{"href":"https:\/\/elfaroonline.com.ar\/index.php\/wp-json\/wp\/v2\/posts\/1332","targetHints":{"allow":["GET"]}}],"collection":[{"href":"https:\/\/elfaroonline.com.ar\/index.php\/wp-json\/wp\/v2\/posts"}],"about":[{"href":"https:\/\/elfaroonline.com.ar\/index.php\/wp-json\/wp\/v2\/types\/post"}],"author":[{"embeddable":true,"href":"https:\/\/elfaroonline.com.ar\/index.php\/wp-json\/wp\/v2\/users\/2"}],"replies":[{"embeddable":true,"href":"https:\/\/elfaroonline.com.ar\/index.php\/wp-json\/wp\/v2\/comments?post=1332"}],"version-history":[{"count":1,"href":"https:\/\/elfaroonline.com.ar\/index.php\/wp-json\/wp\/v2\/posts\/1332\/revisions"}],"predecessor-version":[{"id":1334,"href":"https:\/\/elfaroonline.com.ar\/index.php\/wp-json\/wp\/v2\/posts\/1332\/revisions\/1334"}],"wp:featuredmedia":[{"embeddable":true,"href":"https:\/\/elfaroonline.com.ar\/index.php\/wp-json\/wp\/v2\/media\/1333"}],"wp:attachment":[{"href":"https:\/\/elfaroonline.com.ar\/index.php\/wp-json\/wp\/v2\/media?parent=1332"}],"wp:term":[{"taxonomy":"category","embeddable":true,"href":"https:\/\/elfaroonline.com.ar\/index.php\/wp-json\/wp\/v2\/categories?post=1332"},{"taxonomy":"post_tag","embeddable":true,"href":"https:\/\/elfaroonline.com.ar\/index.php\/wp-json\/wp\/v2\/tags?post=1332"}],"curies":[{"name":"wp","href":"https:\/\/api.w.org\/{rel}","templated":true}]}}