{"id":1335,"date":"2024-07-15T16:51:46","date_gmt":"2024-07-15T19:51:46","guid":{"rendered":"https:\/\/elfaroonline.com.ar\/?p=1335"},"modified":"2024-07-15T16:51:46","modified_gmt":"2024-07-15T19:51:46","slug":"con-una-fuerte-inversion-publica-y-privada-comenzo-la-fiesta-del-poncho","status":"publish","type":"post","link":"https:\/\/elfaroonline.com.ar\/index.php\/2024\/07\/15\/con-una-fuerte-inversion-publica-y-privada-comenzo-la-fiesta-del-poncho\/","title":{"rendered":"Con una fuerte inversi\u00f3n p\u00fablica y privada, comenz\u00f3 la Fiesta del Poncho"},"content":{"rendered":"<p class=\"v1MsoNormal\">Con un gran despliegue art\u00edstico qued\u00f3 inaugurada este viernes 12 de julio la 53\u00ba edici\u00f3n de la Fiesta Nacional e Internacional del Poncho, la fiesta que cada a\u00f1o se consolida como el evento m\u00e1s importante del invierno en el pa\u00eds, y que se realizar\u00e1 hasta el domingo 21 de julio en el Predio Ferial Catamarca.<\/p>\n<p class=\"v1MsoNormal\">El acto estuvo presidido por el gobernador Ra\u00fal Jalil acompa\u00f1ado por el secretario de Turismo, Ambiente y Deporte de la Naci\u00f3n, Daniel Scioli, la ministra de Cultura, Turismo y Deporte, Daiana Rold\u00e1n y funcionarios de esa cartera. Adem\u00e1s, asistieron a la ceremonia la subsecretaria de Turismo de la Naci\u00f3n, Yanina Mart\u00ednez;\u00a0 el vicegobernador Rub\u00e9n Dusso; la senadora nacional, Luc\u00eda Corpacci; el intendente de la Capital, Gustavo Saadi; el presidente del CFI, Ignacio Lamothe, funcionarios del gabinete provincial, legisladores provinciales, intendentes, autoridades de Cultura y Turismo de la regi\u00f3n NOA, invitados especiales, artesanos y artistas que compartir\u00e1n su m\u00fasica en el festival.<\/p>\n<p class=\"v1MsoNormal\">Con la interpretaci\u00f3n de la canci\u00f3n &#8220;Hay una virgencita&#8221; por el Coro Polif\u00f3nico de la Provincia, la imagen de la Virgen del Valle y la del Beato Fray Mamerto Esqui\u00fa acompa\u00f1aron la apertura de la fiesta, para luego dar paso a la interpretaci\u00f3n del Himno Nacional Argentino por el Grupo Vocal Pirca, en una versi\u00f3n compuesta en formato de &#8220;suite&#8221; dirigida por Valeria Atela, presidenta de la Fundaci\u00f3n Soijar, integrando los g\u00e9neros milonga, huayno, carnavalito, vidala catamarque\u00f1a, zamba carpera y tango; y el Himno a Catamarca en la voz de Norma Halmallan, tambi\u00e9n con un arreglos especiales realizado por Yolanda Veliz, y con direcci\u00f3n de Vanina Aredes en una versi\u00f3n para orquesta filarm\u00f3nica.<\/p>\n<p class=\"v1MsoNormal\">Tras la entonaci\u00f3n del Himno Nacional Argentino y de Catamarca, se proyect\u00f3 un video institucional de la 53\u00ba edici\u00f3n, y la artesana textil de Laguna Blanca, Zulema Guti\u00e9rrez -qui\u00e9n este a\u00f1o particip\u00f3 en la Feria Xtant Ra\u00edces 2024, en Palma de Mallorca, Espa\u00f1a-, en representaci\u00f3n de los artesanos, dijo: &#8220;Como parte de la Cooperativa Mesa Local de Laguna Blanca estoy inmensamente agradecida por darnos la oportunidad de poder venir a exponer nuestros productos. Para nosotros, el Poncho significa todo, en \u00e9l est\u00e1n nuestros sue\u00f1os, nuestras esperanzas, nuestras ilusiones&#8221;.<\/p>\n<p class=\"v1MsoNormal\">La ministra Rold\u00e1n destac\u00f3 la decisi\u00f3n pol\u00edtica del Estado Provincial de realizar una fiesta de enormes dimensiones que\u00a0 &#8220;catamarque\u00f1os y turistas pueden vivir y disfrutar de forma gratuita en el 90% de sus espacios porque tenemos un Estado provincial presente, que entiende que invertir en la cultura es promover el desarrollo, es apostar al turismo, es impulsar la producci\u00f3n y es asegurarnos que nuestro patrimonio se resignifique y siga afianzando nuestra identidad, alimentando as\u00ed este c\u00edrculo absolutamente virtuoso&#8221;.<\/p>\n<p class=\"v1MsoNormal\">Y remarc\u00f3 que para la realizaci\u00f3n de esta fiesta adem\u00e1s de la gran inversi\u00f3n del Estado Provincial y el apoyo del Consejo Federal de Inversiones (CFI), sumaron el aporte de casi 50 empresas que decidieron apostar demostrando que el Poncho es una fiesta donde ganan todos.<\/p>\n<p class=\"v1MsoNormal\">A su turno el secretario Scioli consider\u00f3 que &#8220;hoy Catamarca es protagonista por esta celebraci\u00f3n, que tambi\u00e9n representa en los artesanos una gran referencia a la cultura del trabajo&#8221;. Y sostuvo la importancia de &#8220;lograr el inter\u00e9s internacional de la vicu\u00f1a, no solo por todo lo que representa esta prenda de excelencia mundial sino como un s\u00edmbolo del trabajo y de proyecci\u00f3n de todo lo que se est\u00e1 haciendo en Catamarca&#8221;.<\/p>\n<p class=\"v1MsoNormal\">Por \u00faltimo, Ra\u00fal destac\u00f3 la relaci\u00f3n p\u00fablico privada para hacer posible la fiesta. &#8220;Somos un gran equipo, con los legisladores nacionales, con el CFI que nos ha dado recursos para poder hacer la fiesta, con el Banco Naci\u00f3n hemos acordado &#8216;El Poncho de Ensue\u00f1o&#8217; con importantes descuentos para la compra de entradas y de artesan\u00edas y con Aerol\u00edneas Argentinas que aument\u00f3 la frecuencia de vuelos&#8221;.<\/p>\n<p class=\"v1MsoNormal\">En otro tramo de su discurso sostuvo que &#8220;hay que tener una visi\u00f3n integral y abrirse al mundo como lo estamos haciendo con la miner\u00eda y lo tenemos que hacer con el turismo y la vicu\u00f1a&#8221;.<\/p>\n<p class=\"v1MsoNormal\">\u00a0En este sentido, se refiri\u00f3 al proyecto de la &#8220;Ruta del Telar&#8221; en el que la Agencia de Cooperaci\u00f3n Internacional del Jap\u00f3n junto al Gobierno de Catamarca trabajan para fortalecer la tradici\u00f3n y el desarrollo textil.<\/p>\n<p class=\"v1MsoNormal\"><b>Catamarca Heroica\u00a0<\/b><\/p>\n<p class=\"v1MsoNormal\">El cuadro de apertura se titul\u00f3 &#8220;Catamarca Heroica&#8221;, en homenaje a la rica herencia cultural e hist\u00f3rica de nuestra provincia, creando un maridaje perfecto entre la m\u00fasica, canto y danza que narra la vida de personajes trascendentales de nuestra historia.<\/p>\n<p class=\"v1MsoNormal\">Las voces de Itat\u00ed \u00c1lvarez, Mar\u00eda Paula Godoy, Luz Segura, Rafael Toledo, Cololo Macedo y Federico Miranda interpretaron el repertorio que incluy\u00f3 canciones emblem\u00e1ticas como &#8220;Chaya del Poncho&#8221;, &#8220;Juan Chelem\u00edn&#8221;, &#8220;Eulalia Ares de Vildoza&#8221;, &#8220;La flor del card\u00f3n&#8221;, &#8220;Viejo coraz\u00f3n&#8221;, &#8220;Vidala del Culampaj\u00e1&#8221;, &#8220;Paisaje de Catamarca&#8221; y el &#8220;Himno del Poncho&#8221;. Cada una de estas piezas fue cuidadosamente seleccionada y arreglada para la ocasi\u00f3n, y cuenta con la direcci\u00f3n musical de Mariela Lobato, directora de la Orquesta Escuela de Los Andes, de Neuqu\u00e9n.<\/p>\n<p class=\"v1MsoNormal\">El espect\u00e1culo se complet\u00f3 con la presentaci\u00f3n del ballet oficial del Poncho, conformado por el Ballet Folkl\u00f3rico Estable Municipal y bailarines de distintos puntos de la provincia, seleccionados mediante audici\u00f3n, con un cuadro art\u00edstico resultado del trabajo creativo del director general V\u00edctor Aybar, con arreglos musicales de Yolanda Veliz, montaje de arreglos vocales por parte de Luis Baz\u00e1n, la asistencia coreogr\u00e1fica de Fernando Desanti y Alan Pousa, y la direcci\u00f3n y coordinaci\u00f3n general a cargo de la Direcci\u00f3n Provincial de Desarrollo Cultural.<\/p>\n<p class=\"v1MsoNormal\">\u00a0Luego de la inauguraci\u00f3n oficial, las autoridades realizaron el tradicional recorrido por los diferentes salones de la feria artesanal y del pabell\u00f3n de Turismo. En esta edici\u00f3n 2024 todos los salones de exposici\u00f3n estar\u00e1n abiertos al p\u00fablico de 13:00 a 23:00 horas.<\/p>\n","protected":false},"excerpt":{"rendered":"<p>Con un gran despliegue art\u00edstico qued\u00f3 inaugurada este viernes 12 de julio la 53\u00ba edici\u00f3n de la Fiesta Nacional e Internacional del Poncho, la fiesta que cada a\u00f1o se consolida como el evento m\u00e1s importante del invierno en el pa\u00eds, y que se realizar\u00e1 hasta el domingo 21 de julio en el Predio Ferial Catamarca. [&hellip;]<\/p>\n","protected":false},"author":2,"featured_media":1336,"comment_status":"open","ping_status":"open","sticky":false,"template":"","format":"standard","meta":{"footnotes":""},"categories":[20],"tags":[],"class_list":{"0":"post-1335","1":"post","2":"type-post","3":"status-publish","4":"format-standard","5":"has-post-thumbnail","7":"category-sociedad"},"aioseo_notices":[],"_links":{"self":[{"href":"https:\/\/elfaroonline.com.ar\/index.php\/wp-json\/wp\/v2\/posts\/1335","targetHints":{"allow":["GET"]}}],"collection":[{"href":"https:\/\/elfaroonline.com.ar\/index.php\/wp-json\/wp\/v2\/posts"}],"about":[{"href":"https:\/\/elfaroonline.com.ar\/index.php\/wp-json\/wp\/v2\/types\/post"}],"author":[{"embeddable":true,"href":"https:\/\/elfaroonline.com.ar\/index.php\/wp-json\/wp\/v2\/users\/2"}],"replies":[{"embeddable":true,"href":"https:\/\/elfaroonline.com.ar\/index.php\/wp-json\/wp\/v2\/comments?post=1335"}],"version-history":[{"count":2,"href":"https:\/\/elfaroonline.com.ar\/index.php\/wp-json\/wp\/v2\/posts\/1335\/revisions"}],"predecessor-version":[{"id":1357,"href":"https:\/\/elfaroonline.com.ar\/index.php\/wp-json\/wp\/v2\/posts\/1335\/revisions\/1357"}],"wp:featuredmedia":[{"embeddable":true,"href":"https:\/\/elfaroonline.com.ar\/index.php\/wp-json\/wp\/v2\/media\/1336"}],"wp:attachment":[{"href":"https:\/\/elfaroonline.com.ar\/index.php\/wp-json\/wp\/v2\/media?parent=1335"}],"wp:term":[{"taxonomy":"category","embeddable":true,"href":"https:\/\/elfaroonline.com.ar\/index.php\/wp-json\/wp\/v2\/categories?post=1335"},{"taxonomy":"post_tag","embeddable":true,"href":"https:\/\/elfaroonline.com.ar\/index.php\/wp-json\/wp\/v2\/tags?post=1335"}],"curies":[{"name":"wp","href":"https:\/\/api.w.org\/{rel}","templated":true}]}}