{"id":1338,"date":"2024-07-15T16:51:18","date_gmt":"2024-07-15T19:51:18","guid":{"rendered":"https:\/\/elfaroonline.com.ar\/?p=1338"},"modified":"2024-07-15T16:51:18","modified_gmt":"2024-07-15T19:51:18","slug":"reunidas-en-catamarca-las-provincias-del-norte-definieron-agenda-comun-de-trabajo","status":"publish","type":"post","link":"https:\/\/elfaroonline.com.ar\/index.php\/2024\/07\/15\/reunidas-en-catamarca-las-provincias-del-norte-definieron-agenda-comun-de-trabajo\/","title":{"rendered":"Reunidas en Catamarca, las provincias del Norte definieron agenda com\u00fan de trabajo"},"content":{"rendered":"<p class=\"v1MsoNormal\">En Catamarca, se llev\u00f3 adelante la Asamblea del Consejo Regional Norte Cultura, que re\u00fane a las provincias de Salta, Jujuy, La Rioja, Santiago del Estero, Tucum\u00e1n y Catamarca.<\/p>\n<p class=\"v1MsoNormal\">Durante el encuentro, la secretaria de Gesti\u00f3n Cultural de Catamarca, Laura Maubec\u00edn, dio la bienvenida a los participantes y agradeci\u00f3 su presencia. Adem\u00e1s, la ministra de Cultura, Turismo y Deporte de la provincia, Daiana Rold\u00e1n, expres\u00f3 la necesidad de afianzar la identidad cultural de la regi\u00f3n y trabajar de manera articulada entre las \u00e1reas de cultura, turismo y deporte. &#8220;Debemos abocarnos a la tarea de que el destino de las obras p\u00fablicas resignifique el patrimonio cultural de cada provincia, para que el turista elija volver&#8221;, plante\u00f3.<\/p>\n<p class=\"v1MsoNormal\">La asamblea, que cont\u00f3 con la presencia de Diego Ashur Mas, presidente del Consejo Regional Norte Cultura y actual secretario de Cultura de la provincia de Salta, tuvo como objetivo principal trabajar en una agenda para la defensa del federalismo y definir pol\u00edticas p\u00fablicas en el \u00e1mbito de la Cultura.<\/p>\n<p class=\"v1MsoNormal\">Tambi\u00e9n estuvieron presentes la secretaria de cultura de La Rioja, Patricia Herrera; el secretario de Cultura de Jujuy, Jos\u00e9 Rodr\u00edguez Barcena; la coordinadora general del CRNC, Mar\u00eda Jos\u00e9 Fascio y el presidente del Ente Cultura Tucum\u00e1n, Humberto Salazar.<\/p>\n<p class=\"v1MsoNormal\">En este sentido, se abordaron temas como la participaci\u00f3n regional en la Feria Internacional del Libro de Buenos Aires, la situaci\u00f3n actual del INCAA y la continuidad de los Juegos Evita para fomentar y desarrollar la cultura. Asimismo, se analizaron los avances del plan de manejo del Qhapaq \u00d1an, a 10 a\u00f1os de su declaratoria como Patrimonio de la Humanidad por la UNESCO.<\/p>\n<p class=\"v1MsoNormal\">Este encuentro permiti\u00f3 a las autoridades culturales de las provincias que lo integran, fortalecer los lazos de cooperaci\u00f3n y definir estrategias conjuntas para potenciar las actividades culturales de la regi\u00f3n.<\/p>\n<p class=\"v1MsoNormal\"><b>Artesan\u00edas<\/b><\/p>\n<p class=\"v1MsoNormal\">Durante el encuentro se llev\u00f3 a cabo una reuni\u00f3n entre el director provincial de Artesan\u00edas, Dise\u00f1o y F\u00e1brica de Alfombras de Catamarca, Gonzalo Cancino, y las autoridades de las \u00e1reas de artesan\u00edas de las provincias, con el objetivo de reflotar los concursos de artesan\u00edas y trabajar de manera colaborativa en la fiscalizaci\u00f3n de este sector.<\/p>\n<p class=\"v1MsoNormal\">Participaron en el encuentro Luc\u00eda Gal\u00edndez, directora de Artesan\u00edas de Tucum\u00e1n; Ana Luna Mercado, directora general de Patrimonio y Museos de La Rioja; Ana Baldo, subsecretaria de Arte y Creatividad de La Rioja y Gimena Paola Bordet, coordinadora de la Fiesta Nacional de Artesan\u00edas de la provincia de Entre R\u00edos.<\/p>\n","protected":false},"excerpt":{"rendered":"<p>En Catamarca, se llev\u00f3 adelante la Asamblea del Consejo Regional Norte Cultura, que re\u00fane a las provincias de Salta, Jujuy, La Rioja, Santiago del Estero, Tucum\u00e1n y Catamarca. Durante el encuentro, la secretaria de Gesti\u00f3n Cultural de Catamarca, Laura Maubec\u00edn, dio la bienvenida a los participantes y agradeci\u00f3 su presencia. Adem\u00e1s, la ministra de Cultura, [&hellip;]<\/p>\n","protected":false},"author":2,"featured_media":1339,"comment_status":"open","ping_status":"open","sticky":false,"template":"","format":"standard","meta":{"footnotes":""},"categories":[23,21],"tags":[],"class_list":{"0":"post-1338","1":"post","2":"type-post","3":"status-publish","4":"format-standard","5":"has-post-thumbnail","7":"category-destacados","8":"category-politica"},"aioseo_notices":[],"_links":{"self":[{"href":"https:\/\/elfaroonline.com.ar\/index.php\/wp-json\/wp\/v2\/posts\/1338","targetHints":{"allow":["GET"]}}],"collection":[{"href":"https:\/\/elfaroonline.com.ar\/index.php\/wp-json\/wp\/v2\/posts"}],"about":[{"href":"https:\/\/elfaroonline.com.ar\/index.php\/wp-json\/wp\/v2\/types\/post"}],"author":[{"embeddable":true,"href":"https:\/\/elfaroonline.com.ar\/index.php\/wp-json\/wp\/v2\/users\/2"}],"replies":[{"embeddable":true,"href":"https:\/\/elfaroonline.com.ar\/index.php\/wp-json\/wp\/v2\/comments?post=1338"}],"version-history":[{"count":2,"href":"https:\/\/elfaroonline.com.ar\/index.php\/wp-json\/wp\/v2\/posts\/1338\/revisions"}],"predecessor-version":[{"id":1356,"href":"https:\/\/elfaroonline.com.ar\/index.php\/wp-json\/wp\/v2\/posts\/1338\/revisions\/1356"}],"wp:featuredmedia":[{"embeddable":true,"href":"https:\/\/elfaroonline.com.ar\/index.php\/wp-json\/wp\/v2\/media\/1339"}],"wp:attachment":[{"href":"https:\/\/elfaroonline.com.ar\/index.php\/wp-json\/wp\/v2\/media?parent=1338"}],"wp:term":[{"taxonomy":"category","embeddable":true,"href":"https:\/\/elfaroonline.com.ar\/index.php\/wp-json\/wp\/v2\/categories?post=1338"},{"taxonomy":"post_tag","embeddable":true,"href":"https:\/\/elfaroonline.com.ar\/index.php\/wp-json\/wp\/v2\/tags?post=1338"}],"curies":[{"name":"wp","href":"https:\/\/api.w.org\/{rel}","templated":true}]}}