{"id":1344,"date":"2024-07-15T16:50:22","date_gmt":"2024-07-15T19:50:22","guid":{"rendered":"https:\/\/elfaroonline.com.ar\/?p=1344"},"modified":"2024-07-15T16:50:22","modified_gmt":"2024-07-15T19:50:22","slug":"la-zona-deportiva-del-poncho-arranco-con-todo","status":"publish","type":"post","link":"https:\/\/elfaroonline.com.ar\/index.php\/2024\/07\/15\/la-zona-deportiva-del-poncho-arranco-con-todo\/","title":{"rendered":"La Zona Deportiva del Poncho arranc\u00f3 con todo"},"content":{"rendered":"<p>Con un gran acompa\u00f1amiento del p\u00fablico, este s\u00e1bado se puso en marcha la propuesta deportiva totalmente gratuita de la Fiesta Nacional e Internacional del Poncho que es organizada por la Secretar\u00eda de Deportes y Recreaci\u00f3n, dependiente del Ministerio de Cultura, Turismo y Deporte.<\/p>\n<p>Con numerosas y diversas propuestas, donde lo principal es la constante \u00a0interacci\u00f3n con los espectadores, en la Zona Deportiva se desarrollaron actividades como f\u00fatbol tenis que contaron con una amplia participaci\u00f3n.<\/p>\n<p>En tanto que en el Espacio Cerrado, se desarrollaron muestras de ajedrez, hubo una concentraci\u00f3n de trekking, y el plato fuerte fue la gimnasia art\u00edstica, con la intervenci\u00f3n de la escuela que dirige Rodolfo D\u00edaz y donde se destacaron las actuaciones de deportistas medallistas en competencias nacionales, continentales e internacionales.<\/p>\n<p>En el Espacio Inflables, tuvieron lugar numerosos juegos con los chicos como protagonistas activos. En tanto que en la Zona Extrema, se destacaron muestras de Camicletas, BMX y Free Style Moto con la destacada actuaci\u00f3n de Edgardo Prevedello, sobresaliente exponente de la actividad, que se luci\u00f3 con temerarias destrezas.<\/p>\n<p>Por el lado de la Zona Gamer, se desarrollaron campeonatos eSport y se destac\u00f3 la sobresaliente presencia del streaming deportivo, la gran propuesta del \u00e1rea en El Poncho.<\/p>\n","protected":false},"excerpt":{"rendered":"<p>Con un gran acompa\u00f1amiento del p\u00fablico, este s\u00e1bado se puso en marcha la propuesta deportiva totalmente gratuita de la Fiesta Nacional e Internacional del Poncho que es organizada por la Secretar\u00eda de Deportes y Recreaci\u00f3n, dependiente del Ministerio de Cultura, Turismo y Deporte. Con numerosas y diversas propuestas, donde lo principal es la constante \u00a0interacci\u00f3n [&hellip;]<\/p>\n","protected":false},"author":2,"featured_media":1345,"comment_status":"open","ping_status":"open","sticky":false,"template":"","format":"standard","meta":{"footnotes":""},"categories":[25],"tags":[],"class_list":{"0":"post-1344","1":"post","2":"type-post","3":"status-publish","4":"format-standard","5":"has-post-thumbnail","7":"category-deportes"},"aioseo_notices":[],"_links":{"self":[{"href":"https:\/\/elfaroonline.com.ar\/index.php\/wp-json\/wp\/v2\/posts\/1344","targetHints":{"allow":["GET"]}}],"collection":[{"href":"https:\/\/elfaroonline.com.ar\/index.php\/wp-json\/wp\/v2\/posts"}],"about":[{"href":"https:\/\/elfaroonline.com.ar\/index.php\/wp-json\/wp\/v2\/types\/post"}],"author":[{"embeddable":true,"href":"https:\/\/elfaroonline.com.ar\/index.php\/wp-json\/wp\/v2\/users\/2"}],"replies":[{"embeddable":true,"href":"https:\/\/elfaroonline.com.ar\/index.php\/wp-json\/wp\/v2\/comments?post=1344"}],"version-history":[{"count":1,"href":"https:\/\/elfaroonline.com.ar\/index.php\/wp-json\/wp\/v2\/posts\/1344\/revisions"}],"predecessor-version":[{"id":1346,"href":"https:\/\/elfaroonline.com.ar\/index.php\/wp-json\/wp\/v2\/posts\/1344\/revisions\/1346"}],"wp:featuredmedia":[{"embeddable":true,"href":"https:\/\/elfaroonline.com.ar\/index.php\/wp-json\/wp\/v2\/media\/1345"}],"wp:attachment":[{"href":"https:\/\/elfaroonline.com.ar\/index.php\/wp-json\/wp\/v2\/media?parent=1344"}],"wp:term":[{"taxonomy":"category","embeddable":true,"href":"https:\/\/elfaroonline.com.ar\/index.php\/wp-json\/wp\/v2\/categories?post=1344"},{"taxonomy":"post_tag","embeddable":true,"href":"https:\/\/elfaroonline.com.ar\/index.php\/wp-json\/wp\/v2\/tags?post=1344"}],"curies":[{"name":"wp","href":"https:\/\/api.w.org\/{rel}","templated":true}]}}