{"id":1347,"date":"2024-07-15T16:49:54","date_gmt":"2024-07-15T19:49:54","guid":{"rendered":"https:\/\/elfaroonline.com.ar\/?p=1347"},"modified":"2024-07-15T16:49:54","modified_gmt":"2024-07-15T19:49:54","slug":"en-valle-chico-tres-personas-fueron-aprehendidas-un-termotanque-solar-recuperado-y-una-camioneta-secuestrada","status":"publish","type":"post","link":"https:\/\/elfaroonline.com.ar\/index.php\/2024\/07\/15\/en-valle-chico-tres-personas-fueron-aprehendidas-un-termotanque-solar-recuperado-y-una-camioneta-secuestrada\/","title":{"rendered":"En Valle Chico tres personas fueron aprehendidas, un termotanque solar recuperado y una camioneta secuestrada"},"content":{"rendered":"<p class=\"v1MsoNormal\"><span lang=\"ES-AR\">Mientras efectivos de la <b>Comisar\u00eda D\u00e9cima Primera<\/b> realizaban recorridos preventivos por la intersecci\u00f3n de las calles N\u00ba 25 y N\u00ba 2, del Complejo Habitacional Valle Chico, fueron alertados por vecinos de que tres hombres habr\u00edan sustra\u00eddo un termotanque solar de una vivienda, para luego cargarlo en una camioneta y retirarse del lugar. <\/span><\/p>\n<p class=\"v1MsoNormal\"><span lang=\"ES-AR\">R\u00e1pidamente, los polic\u00edas realizaron recorridos y en la avenida N\u00ba 2, inmediaciones a un <a href=\"http:\/\/se.pa.ve\/\" target=\"_blank\" rel=\"noopener noreferrer\">Se.Pa.Ve<\/a>., interceptaron a una camioneta Nissan Frontier negra, en la que circulaban tres sujetos, dos de apellido <b>Cativa<\/b>, de<b> 36 y 45 a\u00f1os<\/b> de edad y el restante identificado como <b>Ortiz (46)<\/b>, quienes ser\u00edan los presuntos autores del hecho, como as\u00ed tambi\u00e9n recuperaron lo sustra\u00eddo, que qued\u00f3 en calidad de secuestro, al igual que el veh\u00edculo.<\/span><\/p>\n<p class=\"v1MsoNormal\"><span lang=\"ES-AR\">Finalmente, estas personas fueron aprehendidas y alojadas en la seccional a disposici\u00f3n de la Fiscal\u00eda de Instrucci\u00f3n en feria del Distrito Sur, desde donde se impartieron las directivas a cumplimentar.<\/span><\/p>\n","protected":false},"excerpt":{"rendered":"<p>Mientras efectivos de la Comisar\u00eda D\u00e9cima Primera realizaban recorridos preventivos por la intersecci\u00f3n de las calles N\u00ba 25 y N\u00ba 2, del Complejo Habitacional Valle Chico, fueron alertados por vecinos de que tres hombres habr\u00edan sustra\u00eddo un termotanque solar de una vivienda, para luego cargarlo en una camioneta y retirarse del lugar. R\u00e1pidamente, los polic\u00edas [&hellip;]<\/p>\n","protected":false},"author":2,"featured_media":1348,"comment_status":"open","ping_status":"open","sticky":false,"template":"","format":"standard","meta":{"footnotes":""},"categories":[27],"tags":[],"class_list":{"0":"post-1347","1":"post","2":"type-post","3":"status-publish","4":"format-standard","5":"has-post-thumbnail","7":"category-policiales"},"aioseo_notices":[],"_links":{"self":[{"href":"https:\/\/elfaroonline.com.ar\/index.php\/wp-json\/wp\/v2\/posts\/1347","targetHints":{"allow":["GET"]}}],"collection":[{"href":"https:\/\/elfaroonline.com.ar\/index.php\/wp-json\/wp\/v2\/posts"}],"about":[{"href":"https:\/\/elfaroonline.com.ar\/index.php\/wp-json\/wp\/v2\/types\/post"}],"author":[{"embeddable":true,"href":"https:\/\/elfaroonline.com.ar\/index.php\/wp-json\/wp\/v2\/users\/2"}],"replies":[{"embeddable":true,"href":"https:\/\/elfaroonline.com.ar\/index.php\/wp-json\/wp\/v2\/comments?post=1347"}],"version-history":[{"count":1,"href":"https:\/\/elfaroonline.com.ar\/index.php\/wp-json\/wp\/v2\/posts\/1347\/revisions"}],"predecessor-version":[{"id":1349,"href":"https:\/\/elfaroonline.com.ar\/index.php\/wp-json\/wp\/v2\/posts\/1347\/revisions\/1349"}],"wp:featuredmedia":[{"embeddable":true,"href":"https:\/\/elfaroonline.com.ar\/index.php\/wp-json\/wp\/v2\/media\/1348"}],"wp:attachment":[{"href":"https:\/\/elfaroonline.com.ar\/index.php\/wp-json\/wp\/v2\/media?parent=1347"}],"wp:term":[{"taxonomy":"category","embeddable":true,"href":"https:\/\/elfaroonline.com.ar\/index.php\/wp-json\/wp\/v2\/categories?post=1347"},{"taxonomy":"post_tag","embeddable":true,"href":"https:\/\/elfaroonline.com.ar\/index.php\/wp-json\/wp\/v2\/tags?post=1347"}],"curies":[{"name":"wp","href":"https:\/\/api.w.org\/{rel}","templated":true}]}}