{"id":1350,"date":"2024-07-15T16:49:28","date_gmt":"2024-07-15T19:49:28","guid":{"rendered":"https:\/\/elfaroonline.com.ar\/?p=1350"},"modified":"2024-07-15T16:49:28","modified_gmt":"2024-07-15T19:49:28","slug":"milei-y-caputo-anunciaron-que-el-lunes-se-inicia-una-politica-de-emision-cero","status":"publish","type":"post","link":"https:\/\/elfaroonline.com.ar\/index.php\/2024\/07\/15\/milei-y-caputo-anunciaron-que-el-lunes-se-inicia-una-politica-de-emision-cero\/","title":{"rendered":"Milei y Caputo anunciaron que el lunes se inicia una pol\u00edtica de \u201cemisi\u00f3n cero\u201d"},"content":{"rendered":"<p class=\"paragraph\">El presidente <b>Javier Mile<\/b>i y el ministro de Econom\u00eda, <b>Luis Caputo<\/b>, anunciaron esta ma\u00f1ana desde EEUU el inicio de una nueva fase del programa econ\u00f3mico al se\u00f1alar que desde el pr\u00f3ximo lunes el gobierno aplicar\u00e1 una pol\u00edtica de emisi\u00f3n cero y congelamiento e incluso reducci\u00f3n de la base monetaria (en caso de ca\u00edda en las reservas de d\u00f3lares), porque se habr\u00e1n cerrado los cuatro \u201cgrifos\u201d de emisi\u00f3n de pesos en la econom\u00eda: el d\u00e9ficit fiscal, los intereses generado por los \u201cpasivos remunerados\u201d del Banco Central, los \u201cputs\u201d u opciones de los bancos privados de venderle al BCRA bonos a un precio al cual el Central est\u00e1 obligado a comprar y, a partir de este lunes, tambi\u00e9n la emisi\u00f3n de pesos por compra de d\u00f3lares del Banco Central en el Mercado \u00danico y Libre de Cambios (MULC), ya que la pol\u00edtica a aplicar ser\u00e1 la venta de esos d\u00f3lares en el mercado de Contado con Liquidaci\u00f3n, congelando as\u00ed el nivel de la Base Monetaria.<\/p>\n<p class=\"paragraph\">Esto es, el gobierno intentar\u00e1 contrarrestar con un severo torniquete monetario cualquier especulaci\u00f3n o expectativa de aumento del d\u00f3lar. El presidente dijo, en declaraciones al canal La Naci\u00f3n +, que quienes quieran apostar al aumento del d\u00f3lar tendr\u00e1n en sus manos un rev\u00f3lver sin balas, debido al congelamiento de la cantidad de pesos disponibles.<\/p>\n<p class=\"paragraph\">\u201cVamos a recrudecer la pol\u00edtica monetaria. El d\u00f3lar es un precio m\u00e1s de la econom\u00eda. Que suban el d\u00f3lar y los precios es que el dinero vale menos. Si cierro todos los grifos de emisi\u00f3n se acab\u00f3 el problema. Y cerramos todos los grifos de emisi\u00f3n: el d\u00e9ficit fiscal, los pasivos remunerados, el mi\u00e9rcoles cerramos el gripo de los puts y vamos a cerrar el grifo del sector externo. Vamos a hacer que el peso sea recontra-escaso. Va a haber que bancarse fluctuaciones. Tanto este mes como agosto van a ser meses dif\u00edciles en el mercado de cambios porque con un invierno m\u00e1s crudo se nos van m\u00e1s d\u00f3lares por la energ\u00eda. Lo que vamos a hacer es restringir totalmente la cantidad de pesos. Es como darle un revolver a alguien, pero sin las balas\u201d, dijo Milei desde Sun Valley, Idaho, donde asiste a un evento anual que congrega a importantes ejecutivos de empresas internacionales.<\/p>\n<p class=\"paragraph\">\u201cEl presidente @JMilei anunciando en este momento que se cierra la \u00faltima canilla de emisi\u00f3n monetaria. A partir de ahora la cantidad de dinero queda igual o se reduce (si el Banco Central vendiera d\u00f3lares en el Mulc). Es decir, si el Bcra comprara d\u00f3lares en el Mulc, la emisi\u00f3n de pesos equivalente ser\u00e1 esterilizada con la venta de d\u00f3lares equivalentes en el mercado de contado con liquidaci\u00f3n. Est\u00e1 profundizaci\u00f3n de la pol\u00edtica monetaria que comienza pasado ma\u00f1ana, contribuir\u00e1 a profundizar el proceso de desinflaci\u00f3n. En 6 meses terminamos con el d\u00e9ficit fiscal, el d\u00e9ficit cuasi fiscal, y la emisi\u00f3n monetaria. Consecuencia: vamos a exterminar la inflaci\u00f3n para siempre en Argentina\u201d, poste\u00f3 simult\u00e1neamente en la red X el ministro de Econom\u00eda, Luis Caputo.<\/p>\n<p>Desde el Palacio de Hacienda tambi\u00e9n explicaron que tras el cierre de las canillas del d\u00e9ficit y de los pasivos remunerados, se cierra la canilla de la emisi\u00f3n por compra de d\u00f3lares. \u201cDebido a que mientras exista el cepo no est\u00e1 la certeza de que esa compra de d\u00f3lares sea demanda de dinero, se esteriliza vendiendo los d\u00f3lares comprados\u201d, se\u00f1alaron, en l\u00ednea con las declaraciones del presidente Milei desde EEUU. \u201cVan a ser menos d\u00f3lares, porque el Banco Central compra a $900 y vende a $1400, es decir que retira los pesos del mercado y se queda con el neto de d\u00f3lares\u201d, agregaron. Adem\u00e1s, \u201cTambi\u00e9n se van a retirar pesos debido al super\u00e1vit. De esta manera, la moneda escasa ser\u00e1 el peso\u201d.<\/p>\n","protected":false},"excerpt":{"rendered":"<p>El presidente Javier Milei y el ministro de Econom\u00eda, Luis Caputo, anunciaron esta ma\u00f1ana desde EEUU el inicio de una nueva fase del programa econ\u00f3mico al se\u00f1alar que desde el pr\u00f3ximo lunes el gobierno aplicar\u00e1 una pol\u00edtica de emisi\u00f3n cero y congelamiento e incluso reducci\u00f3n de la base monetaria (en caso de ca\u00edda en las [&hellip;]<\/p>\n","protected":false},"author":2,"featured_media":1351,"comment_status":"open","ping_status":"open","sticky":false,"template":"","format":"standard","meta":{"footnotes":""},"categories":[22],"tags":[],"class_list":{"0":"post-1350","1":"post","2":"type-post","3":"status-publish","4":"format-standard","5":"has-post-thumbnail","7":"category-nacionales"},"aioseo_notices":[],"_links":{"self":[{"href":"https:\/\/elfaroonline.com.ar\/index.php\/wp-json\/wp\/v2\/posts\/1350","targetHints":{"allow":["GET"]}}],"collection":[{"href":"https:\/\/elfaroonline.com.ar\/index.php\/wp-json\/wp\/v2\/posts"}],"about":[{"href":"https:\/\/elfaroonline.com.ar\/index.php\/wp-json\/wp\/v2\/types\/post"}],"author":[{"embeddable":true,"href":"https:\/\/elfaroonline.com.ar\/index.php\/wp-json\/wp\/v2\/users\/2"}],"replies":[{"embeddable":true,"href":"https:\/\/elfaroonline.com.ar\/index.php\/wp-json\/wp\/v2\/comments?post=1350"}],"version-history":[{"count":1,"href":"https:\/\/elfaroonline.com.ar\/index.php\/wp-json\/wp\/v2\/posts\/1350\/revisions"}],"predecessor-version":[{"id":1352,"href":"https:\/\/elfaroonline.com.ar\/index.php\/wp-json\/wp\/v2\/posts\/1350\/revisions\/1352"}],"wp:featuredmedia":[{"embeddable":true,"href":"https:\/\/elfaroonline.com.ar\/index.php\/wp-json\/wp\/v2\/media\/1351"}],"wp:attachment":[{"href":"https:\/\/elfaroonline.com.ar\/index.php\/wp-json\/wp\/v2\/media?parent=1350"}],"wp:term":[{"taxonomy":"category","embeddable":true,"href":"https:\/\/elfaroonline.com.ar\/index.php\/wp-json\/wp\/v2\/categories?post=1350"},{"taxonomy":"post_tag","embeddable":true,"href":"https:\/\/elfaroonline.com.ar\/index.php\/wp-json\/wp\/v2\/tags?post=1350"}],"curies":[{"name":"wp","href":"https:\/\/api.w.org\/{rel}","templated":true}]}}