{"id":1353,"date":"2024-07-15T16:48:57","date_gmt":"2024-07-15T19:48:57","guid":{"rendered":"https:\/\/elfaroonline.com.ar\/?p=1353"},"modified":"2024-07-15T16:48:57","modified_gmt":"2024-07-15T19:48:57","slug":"donald-trump-dijo-que-se-mantendra-fuerte-tras-el-intento-de-asesinato","status":"publish","type":"post","link":"https:\/\/elfaroonline.com.ar\/index.php\/2024\/07\/15\/donald-trump-dijo-que-se-mantendra-fuerte-tras-el-intento-de-asesinato\/","title":{"rendered":"Donald Trump dijo que se mantendr\u00e1 fuerte tras el intento de asesinato"},"content":{"rendered":"<p>El ex presidente y candidato republicano<b> Donald Trump<\/b> asegur\u00f3 este domingo en un comentario en la red social <i>Truth Social <\/i>que <b>no tiene \u201cmiedo\u201d y se mantendr\u00e1 fuerte y \u201cdesafiante\u201d<\/b> tras el intento de asesinato al que sobrevivi\u00f3 la pasada tarde en un mitin en Butler (Pennsylvania).<\/p>\n<p class=\"paragraph\" data-mrf-recirculation=\"Links inline\">\u201cGracias a todos por los pensamientos y oraciones ayer.<b> Como si hubiese sido Dios solo el que evit\u00f3 lo impensable de que pasara<\/b>. <b>No tendremos MIEDO, sino que nos mantendremos fuertes en nuestra fe y desafiante frente al mal\u201d<\/b>, asegur\u00f3 el ex mandatario, que se encuentra en Nueva Jersey.<\/p>\n<p data-mrf-recirculation=\"Links inline\"><b>\u201cNuestro amor est\u00e1 con las otras v\u00edctimas y sus familias\u201d<\/b>, prosigui\u00f3 Trump. \u201cRezamos por la recuperaci\u00f3n de aquellos que resultaron heridos, y guardamos en nuestros corazones la memoria del ciudadano que fue horriblemente asesinado\u201d.<\/p>\n<p class=\"paragraph\" data-mrf-recirculation=\"Links inline\">Finalmente, el ex presidente inst\u00f3 a los estadounidenses a permanecer \u201cunidos\u201d y a no permitir que \u201cgane el mal\u201d. Asimismo, anunci\u00f3 que hablar\u00e1 al pa\u00eds en la semana desde Wisconsin, donde es esperado para un acto de campa\u00f1a.<\/p>\n<p class=\"paragraph\" data-mrf-recirculation=\"Links inline\">\u201cEn este momento, es m\u00e1s importante que nunca que <b>permanezcamos unidos y mostremos nuestro verdadero car\u00e1cter como estadounidenses<\/b>, manteni\u00e9ndonos fuertes y decididos, y no permitiendo que gane el mal. Verdaderamente amo a nuestro Pa\u00eds, y los amo a todos ustedes, y espero hablarle a nuestra Gran Naci\u00f3n esta semana desde Wisconsin.\u201d<\/p>\n<p class=\"paragraph\" data-mrf-recirculation=\"Links inline\">El ex presidente result\u00f3 herido en una oreja el s\u00e1bado en un intento de asesinato durante un acto pol\u00edtico antes de las elecciones presidenciales de noviembre.<\/p>\n<p class=\"paragraph\" data-mrf-recirculation=\"Links inline\">El republicano de 78 a\u00f1os fue sacado del escenario con el rostro ensangrentado despu\u00e9s de un tiroteo en Butler, <b>Pennsylvania<\/b>, en el norte del pa\u00eds.<\/p>\n<p class=\"paragraph\" data-mrf-recirculation=\"Links inline\">El autor de los disparos y un transe\u00fante murieron y dos espectadores resultaron gravemente heridos.<\/p>\n<p class=\"paragraph\" data-mrf-recirculation=\"Links inline\">El presidente dem\u00f3crata,<b> Joe Biden<\/b>, que se enfrentar\u00e1 a Trump en unas elecciones muy polarizadas, afirm\u00f3 que <b>\u201cno hay lugar en Estados Unidos para este tipo de violencia\u201d.<\/b><\/p>\n","protected":false},"excerpt":{"rendered":"<p>El ex presidente y candidato republicano Donald Trump asegur\u00f3 este domingo en un comentario en la red social Truth Social que no tiene \u201cmiedo\u201d y se mantendr\u00e1 fuerte y \u201cdesafiante\u201d tras el intento de asesinato al que sobrevivi\u00f3 la pasada tarde en un mitin en Butler (Pennsylvania). \u201cGracias a todos por los pensamientos y oraciones [&hellip;]<\/p>\n","protected":false},"author":2,"featured_media":1354,"comment_status":"open","ping_status":"open","sticky":false,"template":"","format":"standard","meta":{"footnotes":""},"categories":[24],"tags":[],"class_list":{"0":"post-1353","1":"post","2":"type-post","3":"status-publish","4":"format-standard","5":"has-post-thumbnail","7":"category-mundo"},"aioseo_notices":[],"_links":{"self":[{"href":"https:\/\/elfaroonline.com.ar\/index.php\/wp-json\/wp\/v2\/posts\/1353","targetHints":{"allow":["GET"]}}],"collection":[{"href":"https:\/\/elfaroonline.com.ar\/index.php\/wp-json\/wp\/v2\/posts"}],"about":[{"href":"https:\/\/elfaroonline.com.ar\/index.php\/wp-json\/wp\/v2\/types\/post"}],"author":[{"embeddable":true,"href":"https:\/\/elfaroonline.com.ar\/index.php\/wp-json\/wp\/v2\/users\/2"}],"replies":[{"embeddable":true,"href":"https:\/\/elfaroonline.com.ar\/index.php\/wp-json\/wp\/v2\/comments?post=1353"}],"version-history":[{"count":1,"href":"https:\/\/elfaroonline.com.ar\/index.php\/wp-json\/wp\/v2\/posts\/1353\/revisions"}],"predecessor-version":[{"id":1355,"href":"https:\/\/elfaroonline.com.ar\/index.php\/wp-json\/wp\/v2\/posts\/1353\/revisions\/1355"}],"wp:featuredmedia":[{"embeddable":true,"href":"https:\/\/elfaroonline.com.ar\/index.php\/wp-json\/wp\/v2\/media\/1354"}],"wp:attachment":[{"href":"https:\/\/elfaroonline.com.ar\/index.php\/wp-json\/wp\/v2\/media?parent=1353"}],"wp:term":[{"taxonomy":"category","embeddable":true,"href":"https:\/\/elfaroonline.com.ar\/index.php\/wp-json\/wp\/v2\/categories?post=1353"},{"taxonomy":"post_tag","embeddable":true,"href":"https:\/\/elfaroonline.com.ar\/index.php\/wp-json\/wp\/v2\/tags?post=1353"}],"curies":[{"name":"wp","href":"https:\/\/api.w.org\/{rel}","templated":true}]}}