{"id":1361,"date":"2024-07-15T16:58:02","date_gmt":"2024-07-15T19:58:02","guid":{"rendered":"https:\/\/elfaroonline.com.ar\/?p=1361"},"modified":"2024-07-15T16:58:02","modified_gmt":"2024-07-15T19:58:02","slug":"el-ipv-realizo-la-apertura-de-sobres-para-adjudicacion-de-viviendas-en-el-parque-la-gruta","status":"publish","type":"post","link":"https:\/\/elfaroonline.com.ar\/index.php\/2024\/07\/15\/el-ipv-realizo-la-apertura-de-sobres-para-adjudicacion-de-viviendas-en-el-parque-la-gruta\/","title":{"rendered":"El IPV realiz\u00f3 la apertura de sobres para adjudicaci\u00f3n de viviendas en el Parque La Gruta"},"content":{"rendered":"<p class=\"v1MsoNormal\">Este lunes por la ma\u00f1ana se realiz\u00f3 con \u00e9xito el acto de apertura de sobres del Concurso de Precios para adjudicaci\u00f3n del Barrio 68 viviendas Parque La Gruta 3, que se encuentra ubicado en la zona norte de la Capital catamarque\u00f1a, y que estar\u00e1 listo en los pr\u00f3ximos meses.<\/p>\n<p class=\"v1MsoNormal\">El acto p\u00fablico se desarroll\u00f3 en el Sal\u00f3n &#8220;Ezequiel Soria&#8221; del Cine Teatro Catamarca y cont\u00f3 con la presencia del gobernador Ra\u00fal Jalil, y de la comisi\u00f3n de apertura conformada por el ministro de Vivienda y Urbanizaci\u00f3n, Fidel S\u00e1enz; el administrador del Instituto Provincial de la Vivienda, Alberto Barrionuevo, y la Escribana Titular del Registro Especial de la instituci\u00f3n. Adem\u00e1s, se hicieron presentes los oferentes del concurso, para presenciar el proceso.<\/p>\n<p class=\"v1MsoNormal\">El gobernador <b>Ra\u00fal Jalil<\/b> destac\u00f3 la importancia de la pol\u00edtica habitacional en la provincia y reafirm\u00f3 el compromiso de continuar con la construcci\u00f3n de viviendas para m\u00e1s familias catamarque\u00f1as. &#8220;Vamos a seguir construyendo viviendas como pol\u00edtica de Estado. Esta es la primera licitaci\u00f3n de varias m\u00e1s que realizaremos&#8221;, sostuvo el mandatario.<\/p>\n<p class=\"v1MsoNormal\">El ministro <b>Fidel S\u00e1enz<\/b> destac\u00f3 que este proyecto es posible gracias a la buena administraci\u00f3n de los recursos y la confianza de los catamarque\u00f1os que pagan sus cuotas al d\u00eda. Tambi\u00e9n mencion\u00f3 que se est\u00e1n construyendo viviendas para diferentes sectores, incluyendo profesionales, empleados de comercio y personas con recursos limitados.<\/p>\n<p class=\"v1MsoNormal\">&#8220;En Catamarca podemos seguir construyendo viviendas gracias a que hemos tenido una muy buena administraci\u00f3n de los recursos, a que tenemos un Gobernador que es un buen administrador en tiempos de crisis&#8221;, destac\u00f3.<\/p>\n<p class=\"v1MsoNormal\">En cuanto a la participaci\u00f3n, se contabiliz\u00f3 un total de 91 ofertas, que podr\u00e1n ser impugnadas durante los pr\u00f3ximos 3 d\u00edas. Estas presentaciones podr\u00e1n realizarse hasta el jueves 18\/07, por Mesa de entradas del IPV, adjuntando pruebas fehacientes.<\/p>\n<p class=\"v1MsoNormal\">\n<p class=\"v1MsoNormal\">Cabe destacar que el \u00faltimo barrio que el IPV entreg\u00f3 bajo esta modalidad fue Parque La Gruta, en el a\u00f1o 2006.<\/p>\n","protected":false},"excerpt":{"rendered":"<p>Este lunes por la ma\u00f1ana se realiz\u00f3 con \u00e9xito el acto de apertura de sobres del Concurso de Precios para adjudicaci\u00f3n del Barrio 68 viviendas Parque La Gruta 3, que se encuentra ubicado en la zona norte de la Capital catamarque\u00f1a, y que estar\u00e1 listo en los pr\u00f3ximos meses. El acto p\u00fablico se desarroll\u00f3 en [&hellip;]<\/p>\n","protected":false},"author":2,"featured_media":1362,"comment_status":"open","ping_status":"open","sticky":false,"template":"","format":"standard","meta":{"footnotes":""},"categories":[23,21],"tags":[],"class_list":{"0":"post-1361","1":"post","2":"type-post","3":"status-publish","4":"format-standard","5":"has-post-thumbnail","7":"category-destacados","8":"category-politica"},"aioseo_notices":[],"_links":{"self":[{"href":"https:\/\/elfaroonline.com.ar\/index.php\/wp-json\/wp\/v2\/posts\/1361","targetHints":{"allow":["GET"]}}],"collection":[{"href":"https:\/\/elfaroonline.com.ar\/index.php\/wp-json\/wp\/v2\/posts"}],"about":[{"href":"https:\/\/elfaroonline.com.ar\/index.php\/wp-json\/wp\/v2\/types\/post"}],"author":[{"embeddable":true,"href":"https:\/\/elfaroonline.com.ar\/index.php\/wp-json\/wp\/v2\/users\/2"}],"replies":[{"embeddable":true,"href":"https:\/\/elfaroonline.com.ar\/index.php\/wp-json\/wp\/v2\/comments?post=1361"}],"version-history":[{"count":1,"href":"https:\/\/elfaroonline.com.ar\/index.php\/wp-json\/wp\/v2\/posts\/1361\/revisions"}],"predecessor-version":[{"id":1363,"href":"https:\/\/elfaroonline.com.ar\/index.php\/wp-json\/wp\/v2\/posts\/1361\/revisions\/1363"}],"wp:featuredmedia":[{"embeddable":true,"href":"https:\/\/elfaroonline.com.ar\/index.php\/wp-json\/wp\/v2\/media\/1362"}],"wp:attachment":[{"href":"https:\/\/elfaroonline.com.ar\/index.php\/wp-json\/wp\/v2\/media?parent=1361"}],"wp:term":[{"taxonomy":"category","embeddable":true,"href":"https:\/\/elfaroonline.com.ar\/index.php\/wp-json\/wp\/v2\/categories?post=1361"},{"taxonomy":"post_tag","embeddable":true,"href":"https:\/\/elfaroonline.com.ar\/index.php\/wp-json\/wp\/v2\/tags?post=1361"}],"curies":[{"name":"wp","href":"https:\/\/api.w.org\/{rel}","templated":true}]}}